{"id":51488,"date":"2022-08-09T22:29:54","date_gmt":"2022-08-10T01:29:54","guid":{"rendered":"https:\/\/vocesparalelas.com.ar\/sitio\/?p=51488"},"modified":"2022-08-09T22:57:39","modified_gmt":"2022-08-10T01:57:39","slug":"conformaron-el-orden-del-dia-de-la-novena-sesion-durante-la-labor-parlamentaria-de-san-juan","status":"publish","type":"post","link":"https:\/\/vocesparalelas.com.ar\/sitio\/conformaron-el-orden-del-dia-de-la-novena-sesion-durante-la-labor-parlamentaria-de-san-juan\/","title":{"rendered":"Conformaron el orden del d\u00eda de la Novena Sesi\u00f3n durante la Labor Parlamentaria de San Juan"},"content":{"rendered":"<div class=\"itemFullText jbintrotext\">\n<p>Los diputados titulares de los diferentes bloques que forman parte del Poder Legislativo de San Juan, definieron el Martes, 9 de Agosto en reuni\u00f3n de Labor Parlamentaria, el temario de orden del d\u00eda de la Novena Sesi\u00f3n del per\u00edodo ordinario a realizarse el Jueves, 11 de Agosto de 2022, a las 9.30 horas.<\/p>\n<\/div>\n<div class=\"itemFullText\">\n<p>El encuentro estuvo presidido por el vicepresidente primero, diputado Eduardo Cabello. Acompa\u00f1\u00f3 el secretario Legislativo, Dr. Nicol\u00e1s Alvo; el vicepresidente segundo, diputado Carlos Platero y el vicepresidente alterno, diputado Dr. Edgardo Sancassani.<\/p>\n<p>Tambi\u00e9n estuvieron presentes los presidentes de los bloques Justicialista, Juan Carlos Abarca; Producci\u00f3n y Trabajo, Sergio Miodoswky; Bloquista, Andr\u00e9s Chanampa; San Juan Primero, Enrique Monta\u00f1o; ConFe Somos San Juan, Florencia Pe\u00f1aloza; bloque del Este, Marcelo Mallea; PRO-Juntos por el Cambio, Enzo Cornejo; y bloque Actuar, Gustavo Us\u00edn.<\/p>\n<p><span style=\"color: #800080;\"><strong>C\u00f3digo Procesal Civil<\/strong><\/span><\/p>\n<p>Tras un arduo trabajo en las respectivas comisiones y con la emisi\u00f3n de un despacho positivo, la Legislatura tratar\u00e1 en el recinto un proyecto de Ley remitido por la Corte de Justicia, por el cual se modifica el C\u00f3digo Procesal Civil.<\/p>\n<p>El objeto consiste en readecuar las normas de procedimiento al Nuevo C\u00f3digo Civil y Comercial de la Naci\u00f3n y, por otra parte, lograr con los institutos procesales y las competencias funcionales, una modernizaci\u00f3n y adaptaci\u00f3n a las nuevas modalidades de gesti\u00f3n y organizaci\u00f3n, implementadas en el Poder Judicial.<\/p>\n<p>En tal sentido, se incorpora el Proceso Colectivo, la Acci\u00f3n de Tutela Preventiva de Da\u00f1o y se actualizan las disposiciones sobre Domicilio, Proceso Arbitral y Proceso Sucesorio, entre otros. En funci\u00f3n de las reformas a nivel de organizaci\u00f3n y gesti\u00f3n emprendidas por la Corte de Justicia, se ha modificado y adaptado lo referido a estructura y funciones de los organismos judiciales y lo relativo a las reglas de competencia. Tambi\u00e9n se incorporan normas que permiten la implementaci\u00f3n de tecnolog\u00eda digital para dejar de utilizar el papel y efectivizar el acceso remoto de los operadores jur\u00eddicos a todas las constancias del proceso. Asimismo, acent\u00faa el prop\u00f3sito de otorgar celeridad al tr\u00e1mite de las causas, ampl\u00eda los supuestos da notificaciones electr\u00f3nicas y faculta a la Corte de Justicia a incorporar la notificaci\u00f3n por c\u00e9dula mediante este mecanismo. Adem\u00e1s, regula la subasta electr\u00f3nica como un medio \u00e1gil, transparente y seguro de proceder a la venta forzada de bienes, en la etapa de ejecuci\u00f3n de sentencia.<\/p>\n<p>En orden a enfatizar el objetivo de facilitar el acceso a la Justicia de las personas vulnerables, simplifica el Proceso de Beneficio de Litigar sin Gastos, aten\u00faa los requisitos de interposici\u00f3n de la acci\u00f3n y otorgando al Juez o Jueza un rol m\u00e1s activo en la gesti\u00f3n de la prueba.<\/p>\n<p>Por otro lado, y a fin de resguardar el inter\u00e9s estatal, adecua el proceso de Adquisici\u00f3n de Dominio por Usucapi\u00f3n, para lo cual dispone que el mismo tr\u00e1mite por las reglas del Proceso Ordinario, incorpora la comunicaci\u00f3n previa al Fiscal de Estado, para que ejerza la oportuna y eficaz defensa de los derechos de la Provincia. Resulta trascendente destacar la incorporaci\u00f3n de la suspensi\u00f3n de los plazos procesales, que pueden peticionar los abogados litigantes, en los supuestos de parto, adopci\u00f3n, embarazo, internaci\u00f3n por motivos de salud de los hijos, entre otras causales, resguardando as\u00ed sus derechos humanos fundamentales.<\/p>\n<p><span style=\"color: #800080;\"><strong>Convenio con el Instituto Nacional de Asociativismo y Econom\u00eda Social<\/strong><\/span><\/p>\n<p>Luego, el cuerpo Legislativo, pondr\u00e1 a consideraci\u00f3n un proyecto de Ley presentado por el Poder Ejecutivo, mediante Mensaje N\u00ba 33, el cual propone aprobar un convenio marco de colaboraci\u00f3n celebrado entre el Instituto Nacional de Asociativismo y Econom\u00eda Social INAES y el Ministerio de Desarrollo Humano y Promoci\u00f3n Social de San Juan.<\/p>\n<p>El referido acuerdo tiene por objeto promover la equidad de g\u00e9nero en el \u00e1mbito de la Econom\u00eda Social, Solidaria, Popular y Transfeminista; fundamentando el reconocimiento de proyectos que incorporen en sus acciones e iniciativas una perspectiva transversal de g\u00e9nero y diversidad, proponiendo la transversalizaci\u00f3n de la perspectiva de g\u00e9nero como principio rector de las pol\u00edticas p\u00fablicas hacia la igualdad de g\u00e9neros en continuidad de esa l\u00ednea y con el objetivo de promover la equidad en las entidades de la econ\u00f3mica social y solidaria, se cre\u00f3 el Fondo para la Igualdad de G\u00e9neros INAES (FIGI).<\/p>\n<p><span style=\"color: #800080;\"><strong>Pr\u00e9stamo de FONDEP a la provincia<\/strong><\/span><\/p>\n<p>Despu\u00e9s, la C\u00e1mara de Diputados tratar\u00e1 un proyecto de Ley del Poder Ejecutivo, Mensaje N\u00ba 37, que propone ratificar el \u00abActa Acuerdo de Intenci\u00f3n\u00bb, suscripta el 3 de noviembre de 2021, entre el Ministerio de Desarrollo Productivo y la provincia; y tambi\u00e9n, aprobar el \u00abModelo de convenio de pr\u00e9stamo a suscribir entre el Fondo Nacional de Desarrollo Productivo (FONDEP) y San Juan por la suma de Cuatroscientos Noventa y Seis millones de pesos ($496.000.000,00), sin intereses; facult\u00e1ndose al Ministerio de Hacienda y Finanzas para actuar en los tr\u00e1mites de negociaci\u00f3n, modificaci\u00f3n, celebraci\u00f3n y suscripci\u00f3n de los contratos y documentaci\u00f3n que resulten necesarios para la implementaci\u00f3n e instrumentaci\u00f3n del endeudamiento mencionado.<\/p>\n<p>Cabe se\u00f1alar que, el gobierno nacional con el esp\u00edritu de seguir acompa\u00f1ando el desarrollo del sector MIPyMES, con medidas concretas y directas a trav\u00e9s del FONDEP, consigui\u00f3 una serie de asistencias financieras a las Provincias, destinadas a incrementar los Fondos de Garant\u00eda de car\u00e1cter P\u00fablico Provincial, para dar oportunidad a las MIPyMES locales de un mayor acceso al cr\u00e9dito.<\/p>\n<p>Cabe se\u00f1alar que la pretendida Asistencia Financiera se hace en el marco de autorizaci\u00f3n acordada por el art\u00edculo 16\u00ba de la Ley de Presupuesto A\u00f1o 2022 N\u00b0 2342-1, que faculta al Poder Ejecutivo Provincial, a tramitar aportes provenientes del Tesoro Nacional y\/o contraer obligaciones con el Gobierno de la Naci\u00f3n y\/o acudir a fuentes alternativas de fondos, y\/u otorgar avales y\/o garant\u00edas, con las limitaciones dispuestas por los Programas de Asistencia financiera, u otro que los sustituyan o reemplacen, aprobados por leyes provinciales, conforme a las condiciones del mercado, con personas f\u00edsicas o jur\u00eddicas que operen legalmente en la Rep\u00fablica Argentina o en el exterior, cuyo objeto social sea posible de concretar, pudiendo garantizar las operaciones con los fondos provenientes del R\u00e9gimen de Coparticipaci\u00f3n Federal de Impuestos (Ley Nacional N\u00b0 23548) o cualquier otro r\u00e9gimen que lo modifique o sustituya, o ceder en pago los fondos antes indicados, cuando el monto del financiamiento no supere el veinte por ciento (20%) del Presupuesto Total de Gastos.<\/p>\n<p><span style=\"color: #800080;\"><strong>Ejecuci\u00f3n de obra de pavimentaci\u00f3n en Rawson y Santa Luc\u00eda<\/strong><\/span><\/p>\n<p>Asimismo, los legisladores y legisladoras deber\u00e1n considerar un proyecto de Ley remitido por el Poder Ejecutivo mediante Mensaje N\u00ba 38, que propone aprobar un convenio entre la Direcci\u00f3n Provincial de Vialidad y las Municipalidades de Rawson y Santa Lucia firmado el 12 de mayo de 2022.<\/p>\n<p>El acuerdo busca concretar la ejecuci\u00f3n de la: \u00abObra B\u00e1sica y Pavimentaci\u00f3n calle G\u00fcemes-Tramo: Ruta Provincial N\u00b0 108 (Calle Gorriti) a calle Belgrano, departamentos Rawson-Santa Lucia\u00bb. \u00a0La construcci\u00f3n insumir\u00e1 un costo total de Treinta y Siete millones Ciento Veinticinco mil pesos ($37.125.000,00).<\/p>\n<p>El objeto consiste en mejorar la Red Vial Urbana Municipal, la cual se encuentra sometida a un importante desgaste por el incremento de la ocupaci\u00f3n residencial y asegurar as\u00ed adecuadas condiciones de transitabilidad a los servicios de transporte p\u00fablico de pasajeros y a los usuarios en general, facilitando la circulaci\u00f3n hasta los lugares de trabajo, centros de salud y educaci\u00f3n, como as\u00ed tambi\u00e9n a las \u00e1reas comerciales (Supermercado Mayorista &#8211; Casa central), productivas y de esparcimiento p\u00fablico; mejorando de tal forma la calidad de vida de la poblaci\u00f3n de cada departamento de San Juan.<\/p>\n<p><span style=\"color: #800080;\"><strong>Adhesi\u00f3n al Sistema de Identificaci\u00f3n Nacional Tributario y Social<\/strong><\/span><\/p>\n<p>Por otra parte, la Legislatura abordar\u00e1 un proyecto de Ley del Poder Ejecutivo, mediante Mensaje N\u00ba 40, que propone ratificar, por un lado, el acuerdo marco de adhesi\u00f3n al Sistema de Identificaci\u00f3n Nacional Tributario y Social (SINTYS) firmado entre el gobierno de la provincia de San Juan y el gobierno Nacional y por el otro lado, propone aprobar el acuerdo de Implementaci\u00f3n y puesta en funcionamiento de la Unidad de Coordinaci\u00f3n provincial del SINTYS, suscripto entre el Consejo Nacional de Coordinaci\u00f3n de Pol\u00edticas Sociales de la Presidencia de la Naci\u00f3n, y la provincia de San Juan.<\/p>\n<p>El acuerdo de adhesi\u00f3n tiene por objeto establecer los mecanismos necesarios para realizar el intercambio y cruzamiento de informaci\u00f3n entre sus propios organismos, con los organismos de car\u00e1cter nacional y las dem\u00e1s provincias adheridas al SINTYS y viceversa; as\u00ed como establecer la obligatoriedad de la registraci\u00f3n del CUIT\/CUIL\/CDI o de la clave\/b nominaci\u00f3n que a criterio de SINTYS sea necesaria para sustituir a los mismos. Asimismo, el acuerdo marco habilita la celebraci\u00f3n de acuerdos instrumentales, y actas complementarias destinados a agilizar e instrumentar el intercambio y cruzamiento de informaci\u00f3n entre los adherentes al SINTYS, y especificar las caracter\u00edsticas de la asistencia t\u00e9cnica a implementar en cada proyecto.<\/p>\n<p>En cuanto al convenio de implementaci\u00f3n y puesta en funcionamiento de la Unidad de la Coordinaci\u00f3n provincial del SINTYS, las partes acuerdan establecer la creaci\u00f3n en el \u00e1mbito de la Administraci\u00f3n P\u00fablica Provincial de la Unidad de Coordinaci\u00f3n Provincial.<\/p>\n<p><span style=\"color: #800080;\"><strong>Repavimentaci\u00f3n de las principales Avenidas de San Juan<\/strong><\/span><\/p>\n<p>M\u00e1s tarde, el cuerpo parlamentario pondr\u00e1 a consideraci\u00f3n un proyecto de Ley remitido por el Poder Ejecutivo, mediante Mensaje N\u00ba 41, el cual propone aprobar un convenio entre la Direcci\u00f3n Provincial de Vialidad y las Municipalidad de Capital firmado el 11 de abril de 2022, para la ejecuci\u00f3n de la obra \u00abRepavimentaci\u00f3n de Avenida Libertador General San Mart\u00edn, Avenida C\u00f3rdoba y Avenida Jos\u00e9 Ignacio de la Roza\u201d. El costo que requiere la mencionada obra es de quinientos sesenta y un millones trescientos sesenta y ocho mil ochenta y uno con 59\/100 pesos ($561.368.081,59).<\/p>\n<p>El objeto de las obras consiste en mejorar las condiciones de transitabilidad a los servicios de transporte p\u00fablico de pasajeros y a los usuarios en general, facilitando la circulaci\u00f3n hasta los lugares de trabajo, centros de salud y educaci\u00f3n, como as\u00ed tambi\u00e9n a las \u00e1reas comerciales, productivas y de esparcimiento p\u00fablico.<\/p>\n<p><span style=\"color: #800080;\"><strong>Modificaci\u00f3n de la Ley de Ministerios y Secretar\u00edas de Estado (Ley 1101-A)<\/strong><\/span><\/p>\n<p>Tambi\u00e9n, la Legislatura abordar\u00e1 un proyecto de Ley presentado por el Poder Ejecutivo, mediante mensaje N\u00ba 42, que propone modificar los art\u00edculos 2\u00ba, 23\u00ba y 30\u00ba de la Ley 1101-A, los cuales quedar\u00e1n redactado de la siguiente manera:<\/p>\n<p><strong>\u201cART\u00cdCULO 2\u00b0.-<\/strong>\u00a0Los Ministerios integran bajo su direcci\u00f3n, las siguientes Secretar\u00edas:<\/p>\n<p><span style=\"color: #800080;\"><strong>MINISTERIO DE GOBIERNO:<\/strong><\/span><\/p>\n<p>Secretar\u00eda de Gobierno, Justicia y Derechos Humanos.<\/p>\n<p>Secretar\u00eda de Relaciones Institucionales.<\/p>\n<p>Secretar\u00eda de Tr\u00e1nsito y Transporte.<\/p>\n<p><span style=\"color: #800080;\"><strong>MINISTERIO DE DESARRROLLO HUMANO Y PROMOCI\u00d3N SOCIAL:<\/strong><\/span><\/p>\n<p>Secretar\u00eda de Promoci\u00f3n Social.<\/p>\n<p><span style=\"color: #800080;\"><strong>\u00a0MINISTERIO DE EDUCACI\u00d3N:<\/strong><\/span><\/p>\n<p>Secretar\u00eda de Educaci\u00f3n.<\/p>\n<p>Secretar\u00eda de Coordinaci\u00f3n Administrativa Financiera.<\/p>\n<p><span style=\"color: #800080;\"><strong>MINISTERIO DE HACIENDA Y FINANZAS:<\/strong><\/span><\/p>\n<p>Secretar\u00eda de Hacienda y Finanzas.<\/p>\n<p>Secretar\u00eda de la Gesti\u00f3n P\u00fablica.<\/p>\n<p><span style=\"color: #800080;\"><strong>MINISTERIO DE OBRAS Y SERVICIOS P\u00daBLICOS:<\/strong><\/span><\/p>\n<p>Secretar\u00eda de Obras y Servicios P\u00fablicos Secretar\u00eda de Vivienda y H\u00e1bitat.<\/p>\n<p>Secretar\u00eda de Agua y Energ\u00eda.<\/p>\n<p>Secretar\u00eda de la Coordinaci\u00f3n de la Obra P\u00fablica.<\/p>\n<p><span style=\"color: #800080;\"><strong>MINISTERIO DE MINER\u00cdA:<\/strong><\/span><\/p>\n<p>Secretar\u00eda T\u00e9cnica.<\/p>\n<p>Secretar\u00eda de Gesti\u00f3n Ambiental y Control Minero.<\/p>\n<p>Secretar\u00eda de Desarrollo Minero Sustentable<\/p>\n<p><span style=\"color: #800080;\"><strong>MINISTERIO DE PRODUCCI\u00d3N Y DESARROLLO ECON\u00d3MICO:<\/strong><\/span><\/p>\n<p>Secretar\u00eda de Agricultura, Ganader\u00eda y Agroindustria.<\/p>\n<p>Secretar\u00eda de Industria, Comercio y Servicios.<\/p>\n<p>Secretar\u00eda de Pol\u00edtica Econ\u00f3mica.<\/p>\n<p><span style=\"color: #800080;\"><strong>MINISTERIO DE SALUD P\u00daBLICA:<\/strong><\/span><\/p>\n<p>Secretar\u00eda T\u00e9cnica.<\/p>\n<p>Secretar\u00eda de Coordinaci\u00f3n Administrativa Financiera.<\/p>\n<p>Secretar\u00eda de Planeamiento y Control de Gesti\u00f3n Sanitaria.<\/p>\n<p>Secretar\u00eda de Gesti\u00f3n Integral de Riesgos y Emergencias<\/p>\n<p><span style=\"color: #800080;\"><strong>MINISTERIO DE TURISMO Y CULTURA:<\/strong><\/span><\/p>\n<p>Secretar\u00eda de Turismo.<\/p>\n<p>Secretar\u00eda de Cultura\u201d<\/p>\n<p><strong>\u201cARTICULO 23\u00b0.<\/strong>&#8211; Compete a este Ministerio los asuntos inherentes a la salud en todo el territorio de la Provincia. En especial, es de su competencia:<\/p>\n<ol>\n<li>Lo atinente a la planificaci\u00f3n, coordinaci\u00f3n y ejecuci\u00f3n de las pol\u00edticas de salud en el territorio de la Provincia, y la integraci\u00f3n arm\u00f3nica de estas pol\u00edticas con los planes y programas de la Naci\u00f3n, atendiendo a los principios de prevenci\u00f3n y recuperaci\u00f3n de la salud p\u00fablica.<\/li>\n<li>\u00a0El contralor de la calidad de las atenciones m\u00e9dicas y hospitalarias brindadas por los entes p\u00fablicos y privados en todo el territorio de la Provincia, ejerciendo el poder de la polic\u00eda &#8216;sanitaria en los establecimientos.<\/li>\n<li>Intervenir en las pol\u00edticas de control y regulaci\u00f3n de equipos, instrumentos y productos vinculados con la salud, y los que pudieran afectarla en forma directa o indirecta.<\/li>\n<li>El diagn\u00f3stico, planificaci\u00f3n y ejecuci\u00f3n de las pol\u00edticas preventivas y en la promoci\u00f3n de una cultura preventiva en la comunidad.<\/li>\n<li>La administraci\u00f3n de la protecci\u00f3n social de la salud de los agentes del Estado Provincial y Sociedades del Estado.<\/li>\n<li>La Gesti\u00f3n Integral de Riesgos, Emergencias y Desastres en todo el territorio de la Provincia de San Juan, mediante la prevenci\u00f3n, asistencia, mitigaci\u00f3n, rehabilitaci\u00f3n y reconstrucci\u00f3n, estableciendo mecanismos adecuados de informaci\u00f3n, monitoreo, evaluaci\u00f3n y seguimientos de dichos procesos\u201d<\/li>\n<\/ol>\n<p><strong>\u201cART\u00cdCULO 30.-<\/strong> Se faculta al Gobernador para transferir, modificar y suprimir servicios, como asimismo, el funcionamiento de Secretar\u00edas, Subsecretar\u00edas, Direcciones y dem\u00e1s organismos centralizados y los descentralizados dependientes de los Ministerios y Secretar\u00edas de Estado del Poder Ejecutivo. La facultad delegada es a efectos de lograr la mayor eficiencia en el funcionamiento del referido poder\u201d.<\/p>\n<p><span style=\"color: #800080;\"><strong>Imposici\u00f3n de nombre a una escuela de Nivel Inicial de Capital<\/strong><\/span><\/p>\n<p>Seguidamente, el Poder Legislativo tratar\u00e1 un proyecto de Ley presentado por la diputada Fernanda Paredes que propone imponer el nombre Escuela de Nivel Inicial \u00abLos Colibr\u00edes\u00bb a la Escuela de Nivel Inicial N\u00b0 53, ubicada en calle San Lorenzo Este 281, entre calles Mendoza y Tucum\u00e1n, en el distrito Concepci\u00f3n, Capital.<\/p>\n<p><span style=\"color: #800080;\"><strong>Proyectos de Resoluci\u00f3n<\/strong><\/span><\/p>\n<p>Luego, el cuerpo Legislativo pondr\u00e1 a consideraci\u00f3n los siguientes proyectos de Resoluci\u00f3n que proponen declarar de inter\u00e9s:<\/p>\n<ul>\n<li>Deportivo y Social, la \u00ab5\u00b0 Copa Argentina de Master V\u00f3ley\u00bb, organizada por la Federaci\u00f3n Sanjuanina de V\u00f3leibol (FSV) conjuntamente con el equipo de Master V\u00f3ley de la Universidad Nacional de San Juan (UNSJ), con el auspicio de la Federaci\u00f3n del V\u00f3leibol Argentino (FEVA) y la Direcci\u00f3n General de Deporte dependiente de la Secretaria de Bienestar Universitario ( SECBIEN) de la Universidad Nacional de San Juan , a realizarse desde el d\u00eda 12 al 14 de Agosto del a\u00f1o 2022 en la Provincia de San Juan. (Diputado Gustavo Us\u00edn)<\/li>\n<li>Social y Cultural, el Festival Nacional de Coros SAN JUAN CANTA 2022, organizado por el Coro Arturo Beruti y el Ministerio de Turismo y Cultura de la Provincia de San Juan, que se llevar\u00e1 a cabo los d\u00edas 11 al 15 de agosto de 2022. (Diputada Fernanda Paredes)<\/li>\n<li>Educativo, Social y Cultural, el programa \u00abCosechando buenos h\u00e1bitos\u00bb, organizado en el marco de la campa\u00f1a \u00abAlimentando Voluntades\u00bb del Programa Nutrici\u00f3n en Vivo, en conjunto con la Fundaci\u00f3n Modo de Vida y el Ministerio de Educaci\u00f3n de la Provincia, a desarrollarse durante los meses de septiembre y octubre del corriente a\u00f1o. (Diputado Juan Carlos Abarca)<\/li>\n<\/ul>\n<p><span style=\"color: #800080;\"><strong>Proyecto de Comunicaci\u00f3n<\/strong><\/span><\/p>\n<p>Por \u00faltimo, la C\u00e1mara de Diputados abordar\u00e1 un proyecto de Comunicaci\u00f3n de autor\u00eda del diputado Carlos Platero, por el cual solicita al Poder Ejecutivo inste a la empresa Obras Sanitarias Sociedad del Estado \u2014 OSSE- a realizar los estudios de factibilidad t\u00e9cnico-econ\u00f3mica necesarios para la extensi\u00f3n de la red cloacal sobre calle Avenida Col\u00f3n entre Avenida Libertador General San Martin y calle Sarmiento ubicada en el departamento de Santa Luc\u00eda.<\/p>\n<p><img loading=\"lazy\" decoding=\"async\" class=\"alignnone size-full wp-image-37951\" src=\"https:\/\/vocesparalelas.com.ar\/sitio\/wp-content\/uploads\/2021\/05\/CAMARA-EDIFICIO.jpg\" alt=\"\" width=\"800\" height=\"515\" srcset=\"https:\/\/vocesparalelas.com.ar\/sitio\/wp-content\/uploads\/2021\/05\/CAMARA-EDIFICIO.jpg 800w, https:\/\/vocesparalelas.com.ar\/sitio\/wp-content\/uploads\/2021\/05\/CAMARA-EDIFICIO-300x193.jpg 300w, https:\/\/vocesparalelas.com.ar\/sitio\/wp-content\/uploads\/2021\/05\/CAMARA-EDIFICIO-768x494.jpg 768w\" sizes=\"auto, (max-width: 800px) 100vw, 800px\" \/><\/p>\n<p>Publicado el Martes, 09 de Agosto de 2022<\/p>\n<\/div>\n","protected":false},"excerpt":{"rendered":"<p>Los diputados titulares de los diferentes bloques que forman parte del Poder Legislativo de San Juan, definieron el Martes, 9<\/p>\n","protected":false},"author":3,"featured_media":8062,"comment_status":"closed","ping_status":"closed","sticky":false,"template":"","format":"standard","meta":{"_acf_changed":false,"_seopress_robots_primary_cat":"none","_seopress_titles_title":"","_seopress_titles_desc":"","_seopress_robots_index":"","colormag_page_container_layout":"default_layout","colormag_page_sidebar_layout":"default_layout","footnotes":""},"categories":[1],"tags":[],"class_list":["post-51488","post","type-post","status-publish","format-standard","has-post-thumbnail","hentry","category-destacadas"],"acf":[],"_links":{"self":[{"href":"https:\/\/vocesparalelas.com.ar\/sitio\/wp-json\/wp\/v2\/posts\/51488","targetHints":{"allow":["GET"]}}],"collection":[{"href":"https:\/\/vocesparalelas.com.ar\/sitio\/wp-json\/wp\/v2\/posts"}],"about":[{"href":"https:\/\/vocesparalelas.com.ar\/sitio\/wp-json\/wp\/v2\/types\/post"}],"author":[{"embeddable":true,"href":"https:\/\/vocesparalelas.com.ar\/sitio\/wp-json\/wp\/v2\/users\/3"}],"replies":[{"embeddable":true,"href":"https:\/\/vocesparalelas.com.ar\/sitio\/wp-json\/wp\/v2\/comments?post=51488"}],"version-history":[{"count":3,"href":"https:\/\/vocesparalelas.com.ar\/sitio\/wp-json\/wp\/v2\/posts\/51488\/revisions"}],"predecessor-version":[{"id":51492,"href":"https:\/\/vocesparalelas.com.ar\/sitio\/wp-json\/wp\/v2\/posts\/51488\/revisions\/51492"}],"wp:featuredmedia":[{"embeddable":true,"href":"https:\/\/vocesparalelas.com.ar\/sitio\/wp-json\/wp\/v2\/media\/8062"}],"wp:attachment":[{"href":"https:\/\/vocesparalelas.com.ar\/sitio\/wp-json\/wp\/v2\/media?parent=51488"}],"wp:term":[{"taxonomy":"category","embeddable":true,"href":"https:\/\/vocesparalelas.com.ar\/sitio\/wp-json\/wp\/v2\/categories?post=51488"},{"taxonomy":"post_tag","embeddable":true,"href":"https:\/\/vocesparalelas.com.ar\/sitio\/wp-json\/wp\/v2\/tags?post=51488"}],"curies":[{"name":"wp","href":"https:\/\/api.w.org\/{rel}","templated":true}]}}