{"id":51479,"date":"2022-08-09T20:56:28","date_gmt":"2022-08-09T23:56:28","guid":{"rendered":"https:\/\/vocesparalelas.com.ar\/sitio\/?p=51479"},"modified":"2022-08-09T21:35:50","modified_gmt":"2022-08-10T00:35:50","slug":"firmaron-un-convenio-para-la-construccion-de-mas-viviendas-para-san-juan","status":"publish","type":"post","link":"https:\/\/vocesparalelas.com.ar\/sitio\/firmaron-un-convenio-para-la-construccion-de-mas-viviendas-para-san-juan\/","title":{"rendered":"Firmaron un convenio para la construcci\u00f3n de m\u00e1s viviendas para San Juan"},"content":{"rendered":"<div class=\"itemFullText\">\n<p>En Buenos Aires, el gobernador de San Juan, Dr. Sergio U\u00f1ac y el ministro de Desarrollo Territorial y H\u00e1bitat de Argentina, Ing. Jorge Ferraresi, firmaron un convenio para la construcci\u00f3n 489 viviendas a trav\u00e9s del Programa Federal Casa Propia.<\/p>\n<p>A partir del acuerdo, se edificar\u00e1n 25 viviendas en Villa Nievas, Departamento Zonda, 32 en el Departamento Santa Luc\u00eda, 170 en el Departamento Chimbas, 204 en el Departamento Caucete y 58 en el Departamento Calingasta. En total, estos nuevos hogares contar\u00e1n con una inversi\u00f3n del Gobierno Nacional de $3384 millones.<\/p>\n<p>A su vez, se entreg\u00f3 la aprobaci\u00f3n administrativa para edificar 939 hogares m\u00e1s en diferentes municipios de San Juan: 17 viviendas en el Departamento Angaco, 260 en el Departamento San Juan, 49 en el Departamento Rawson, 105 en el Departamento Ullum, 62 en el Departamento Chimbas, 175 en el Departamento 25 de Mayo, 135 en el Departamento 9 de Julio y 136 en el Departamento J\u00e1chal.<\/p>\n<p>Al finalizar la reuni\u00f3n, el gobernador Dr. Sergio U\u00f1ac dijo que \u201cla vivienda es la que m\u00e1s mano de obra toma en San Juan entre todas las obras p\u00fablicas\u201d e hizo \u00e9nfasis en que \u201cestamos en el pico m\u00e1ximo de la historia de trabajadores registrados de la construcci\u00f3n en la provincia: tenemos casi 10 mil\u201d.<\/p>\n<p>Por su parte, el ministro de Desarrollo Territorial y H\u00e1bitat de Argentina, Ing. Jorge Ferraresi subray\u00f3 la importancia de trabajar junto a los gobiernos provinciales porque \u201cpermite generar soluciones habitacionales concretas teniendo en cuenta las necesidades de cada poblaci\u00f3n\u201d y agreg\u00f3 que \u201cno s\u00f3lo las familias pueden acceder a su casa propia, sino que tambi\u00e9n se motoriza la econom\u00eda, generando trabajo en la construcci\u00f3n y demanda de insumos de la industria nacional\u201d.<\/p>\n<p>Acompa\u00f1aron al primer mandatario provincial el ministro de Obras y Servicios P\u00fablicos, Ing. Julio Ortiz Andino; el secretario de Vivienda y H\u00e1bitat, Robert Garc\u00e9s y el titular del Instituto Provincial de la Vivienda, Arq. Marcelo Yornet.<\/p>\n<\/div>\n<div class=\"clr\"><img loading=\"lazy\" decoding=\"async\" class=\"alignnone size-full wp-image-31800\" src=\"https:\/\/vocesparalelas.com.ar\/sitio\/wp-content\/uploads\/2020\/10\/IPV-CASAS-BARRIOS.jpg\" alt=\"\" width=\"800\" height=\"450\" srcset=\"https:\/\/vocesparalelas.com.ar\/sitio\/wp-content\/uploads\/2020\/10\/IPV-CASAS-BARRIOS.jpg 800w, https:\/\/vocesparalelas.com.ar\/sitio\/wp-content\/uploads\/2020\/10\/IPV-CASAS-BARRIOS-300x169.jpg 300w, https:\/\/vocesparalelas.com.ar\/sitio\/wp-content\/uploads\/2020\/10\/IPV-CASAS-BARRIOS-768x432.jpg 768w\" sizes=\"auto, (max-width: 800px) 100vw, 800px\" \/><\/div>\n<div class=\"itemContentFooter\"><span class=\"itemDateModified\">Publicado el Martes, 09 de Agosto de 2022<\/span><\/div>\n","protected":false},"excerpt":{"rendered":"<p>En Buenos Aires, el gobernador de San Juan, Dr. Sergio U\u00f1ac y el ministro de Desarrollo Territorial y H\u00e1bitat de<\/p>\n","protected":false},"author":3,"featured_media":51481,"comment_status":"closed","ping_status":"closed","sticky":false,"template":"","format":"standard","meta":{"_acf_changed":false,"_seopress_robots_primary_cat":"none","_seopress_titles_title":"","_seopress_titles_desc":"","_seopress_robots_index":"","colormag_page_container_layout":"default_layout","colormag_page_sidebar_layout":"default_layout","footnotes":""},"categories":[1],"tags":[],"class_list":["post-51479","post","type-post","status-publish","format-standard","has-post-thumbnail","hentry","category-destacadas"],"acf":[],"_links":{"self":[{"href":"https:\/\/vocesparalelas.com.ar\/sitio\/wp-json\/wp\/v2\/posts\/51479","targetHints":{"allow":["GET"]}}],"collection":[{"href":"https:\/\/vocesparalelas.com.ar\/sitio\/wp-json\/wp\/v2\/posts"}],"about":[{"href":"https:\/\/vocesparalelas.com.ar\/sitio\/wp-json\/wp\/v2\/types\/post"}],"author":[{"embeddable":true,"href":"https:\/\/vocesparalelas.com.ar\/sitio\/wp-json\/wp\/v2\/users\/3"}],"replies":[{"embeddable":true,"href":"https:\/\/vocesparalelas.com.ar\/sitio\/wp-json\/wp\/v2\/comments?post=51479"}],"version-history":[{"count":1,"href":"https:\/\/vocesparalelas.com.ar\/sitio\/wp-json\/wp\/v2\/posts\/51479\/revisions"}],"predecessor-version":[{"id":51482,"href":"https:\/\/vocesparalelas.com.ar\/sitio\/wp-json\/wp\/v2\/posts\/51479\/revisions\/51482"}],"wp:featuredmedia":[{"embeddable":true,"href":"https:\/\/vocesparalelas.com.ar\/sitio\/wp-json\/wp\/v2\/media\/51481"}],"wp:attachment":[{"href":"https:\/\/vocesparalelas.com.ar\/sitio\/wp-json\/wp\/v2\/media?parent=51479"}],"wp:term":[{"taxonomy":"category","embeddable":true,"href":"https:\/\/vocesparalelas.com.ar\/sitio\/wp-json\/wp\/v2\/categories?post=51479"},{"taxonomy":"post_tag","embeddable":true,"href":"https:\/\/vocesparalelas.com.ar\/sitio\/wp-json\/wp\/v2\/tags?post=51479"}],"curies":[{"name":"wp","href":"https:\/\/api.w.org\/{rel}","templated":true}]}}