{"id":51469,"date":"2022-08-08T21:06:46","date_gmt":"2022-08-09T00:06:46","guid":{"rendered":"https:\/\/vocesparalelas.com.ar\/sitio\/?p=51469"},"modified":"2022-08-09T02:07:03","modified_gmt":"2022-08-09T05:07:03","slug":"diversos-proyectos-fueron-tratados-en-el-seno-de-las-comisiones-de-la-camara-de-diputados-de-san-juan","status":"publish","type":"post","link":"https:\/\/vocesparalelas.com.ar\/sitio\/diversos-proyectos-fueron-tratados-en-el-seno-de-las-comisiones-de-la-camara-de-diputados-de-san-juan\/","title":{"rendered":"Diversos proyectos fueron tratados en el seno de las comisiones de la C\u00e1mara de Diputados de San Juan"},"content":{"rendered":"<div class=\"itemFullText jbintrotext\">\n<p>los integrantes de las comisiones de Obras y Servicios P\u00fablicos; Justicia y Seguridad y Hacienda y Presupuesto analizaron y estudiaron diferentes asuntos ingresados.<\/p>\n<\/div>\n<div class=\"itemFullText\">\n<p>En primer lugar, fue desarrollada la reuni\u00f3n de la comisi\u00f3n de Obras y Servicios P\u00fablicos encabezada por su presidente, diputado Jorge Barifusa. Participaron los legisladores Andr\u00e9s Chanampa, Juan Manuel Roca, Silvio Atencio, Horacio Quiroga, Enzo Cornejo y Jos\u00e9 Luis Esteve.<\/p>\n<p>En la ocasi\u00f3n, otorgaron despacho favorable a cinco proyectos de ley. Uno de ellos propone ratificar un convenio de cooperaci\u00f3n y asistencia mutua celebrado entre el Consejo Regional de Coquimbo y el Ministerio de Obras y Servicios P\u00fablicos de la provincia. El objetivo es delinear los pasos necesarios para establecer lazos permanentes que permitan avanzar en diversas materias de inter\u00e9s com\u00fan para ambas partes, priorizando todo lo referente al Proyecto de construcci\u00f3n del T\u00fanel de Agua Negra.<\/p>\n<p>Asimismo, trataron dos convenios con la Direcci\u00f3n Provincial de Vialidad. El primero fue firmado con las Municipalidades de Rawson y Santa Lucia en mayo de 2022 para la ejecuci\u00f3n de la \u00abObra B\u00e1sica y Pavimentaci\u00f3n calle G\u00fcemes-Tramo: R. P N\u00b0 108 (Calle Gorriti) a Calle Belgrano, departamentos Rawson-Santa Luc\u00eda\u00bb. La obra insumir\u00e1 un costo total de treinta y siete millones ciento veinticinco mil pesos ($37.125.000,00). El segundo acuerdo fue rubricado con la Municipalidad de Capital. Este proyecto obtuvo adem\u00e1s despacho positivo en la comisi\u00f3n de Hacienda y Presupuesto. En este caso, el objeto tiene que ver con la \u00abRepavimentaci\u00f3n de Avenida Libertador General San Mart\u00edn, Avenida C\u00f3rdoba y Avenida Jos\u00e9 Ignacio de la Roza\u201d. La obra requerir\u00e1 un costo total de quinientos sesenta y un millones trescientos sesenta y ocho mil ochenta y uno con 59\/100 pesos ($561.368.081,59). Ambos convenios buscan mejorar la Red Vial Urbana Municipal, la cual se encuentra sometida a un importante desgaste por el incremento de la ocupaci\u00f3n residencial y asegurar as\u00ed adecuadas condiciones de transitabilidad a los servicios de transporte p\u00fablico de pasajeros y a los usuarios en general, y facilitar la circulaci\u00f3n hasta los lugares de trabajo, centros de salud y educaci\u00f3n, como as\u00ed tambi\u00e9n a las \u00e1reas comerciales (Supermercado Mayorista &#8211; Casa central), productivas y de esparcimiento p\u00fablico.<\/p>\n<p>Un cuarto asunto abordado fue un proyecto de Resoluci\u00f3n presentado por la diputada Celina Ramella con el objeto de declarar de inter\u00e9s cient\u00edfico, social y cultural, el VI Congreso Bienal de la Secci\u00f3n Argentina del Instituto de Ingeniero El\u00e9ctricos y Electr\u00f3nicos (conocido por sus siglas en ingl\u00e9s IEEE); \u00abIEEE ARGENCON 2022&#8243;, a realizarse en la provincia de San juan, desde el d\u00eda 5 hasta el d\u00eda 9 de septiembre de 2022.<\/p>\n<p>Por otro lado, el quinto despacho otorgado consiste en un proyecto de comunicaci\u00f3n remitido por el diputado Carlos Platero que solicita al Poder Ejecutivo inste a la empresa Obras Sanitarias Sociedad del Estado San Juan (OSSE San Juan) a realizar los estudios de factibilidad t\u00e9cnica econ\u00f3mica necesarios para la ejecuci\u00f3n de la obra de extensi\u00f3n de Red Cloacal, en el tramo de calle Avenida Colon, entre Avenida General San Martin y calle Sarmiento, departamento Santa Luc\u00eda\u00bb.<\/p>\n<p>M\u00e1s tarde, fue llevada a cabo la reuni\u00f3n de Justicia y Seguridad presidida por la diputada Celina Ramella. Estuvieron presentes las legisladoras Marcela Monti, Nancy Pic\u00f3n, Fernanda Paredes, Florencia Pe\u00f1aloza y los diputados Edgardo Sancassani y Jorge Barifusa.<\/p>\n<p>En la oportunidad avanzaron con el tratamiento del proyecto de Ley que modifica el C\u00f3digo Procesal Civil. Adem\u00e1s, dieron despacho a un proyecto de Ley que ratifica un convenio marco de colaboraci\u00f3n institucional entre la Secretar\u00eda de Estado de Seguridad y Orden P\u00fablico, y la Universidad de San Isidro \u00abDr. Placido Mar\u00edn\u201d. En el referido acuerdo las partes se comprometen a implementar un sistema que permita a los miembros de la secretar\u00eda e integrantes, tener acceso a todos los cursos, programas y\/o diplomaturas organizados por la direcci\u00f3n acad\u00e9mica de diplomaturas y cursos que sean de su inter\u00e9s e incumbencia.<\/p>\n<p>Por \u00faltimo, tuvo lugar la reuni\u00f3n de Hacienda y Presupuesto encabezada por su presidente, diputado Rodolfo Jalife. Acompa\u00f1aron los legisladores Rub\u00e9n Carri\u00f3n, Carlos Jaime Quiroga, Gast\u00f3n Berenguer, Andr\u00e9s Chanampa, y las diputadas Fernanda Paredes y Florencia Pe\u00f1aloza. En el transcurso del encuentro dieron despacho a un proyecto de Ley que propone modificar la \u201cLey de Ministerios y Secretar\u00edas de Estado\u201d (Ley 1101-A) con el objeto de establecer dentro del \u00e1mbito del Ministerio de Obras y Servicios P\u00fablicos, la supresi\u00f3n de la Secretar\u00eda de Servicios P\u00fablicos, la que queda absorbida por la Secretar\u00eda de Obras. \u00a0Asimismo, en el \u00e1mbito del Ministerio de Salud, se establece una nueva Secretar\u00eda de Gesti\u00f3n Integral de Riesgos y Emergencias, que tiene por objeto la Gesti\u00f3n Integral de Riesgos, Emergencias y Desastres en todo el territorio de la provincia de San Juan.\u00a0 Tambi\u00e9n en el presente proyecto se incorpora en el art\u00edculo 30\u00ba, la posibilidad del Poder Ejecutivo provincial de transferir, modificar y suprimir el funcionamiento de Secretar\u00edas, esto en raz\u00f3n que esa posibilidad no se encuentra en la actual ley de Ministerios y es necesario incluirlo.<\/p>\n<p>Publicado el Lunes, 08 de Agosto de 2022<\/p>\n<\/div>\n","protected":false},"excerpt":{"rendered":"<p>los integrantes de las comisiones de Obras y Servicios P\u00fablicos; Justicia y Seguridad y Hacienda y Presupuesto analizaron y estudiaron<\/p>\n","protected":false},"author":3,"featured_media":51471,"comment_status":"closed","ping_status":"closed","sticky":false,"template":"","format":"standard","meta":{"_acf_changed":false,"_seopress_robots_primary_cat":"none","_seopress_titles_title":"","_seopress_titles_desc":"","_seopress_robots_index":"","colormag_page_container_layout":"default_layout","colormag_page_sidebar_layout":"default_layout","footnotes":""},"categories":[1],"tags":[],"class_list":["post-51469","post","type-post","status-publish","format-standard","has-post-thumbnail","hentry","category-destacadas"],"acf":[],"_links":{"self":[{"href":"https:\/\/vocesparalelas.com.ar\/sitio\/wp-json\/wp\/v2\/posts\/51469","targetHints":{"allow":["GET"]}}],"collection":[{"href":"https:\/\/vocesparalelas.com.ar\/sitio\/wp-json\/wp\/v2\/posts"}],"about":[{"href":"https:\/\/vocesparalelas.com.ar\/sitio\/wp-json\/wp\/v2\/types\/post"}],"author":[{"embeddable":true,"href":"https:\/\/vocesparalelas.com.ar\/sitio\/wp-json\/wp\/v2\/users\/3"}],"replies":[{"embeddable":true,"href":"https:\/\/vocesparalelas.com.ar\/sitio\/wp-json\/wp\/v2\/comments?post=51469"}],"version-history":[{"count":1,"href":"https:\/\/vocesparalelas.com.ar\/sitio\/wp-json\/wp\/v2\/posts\/51469\/revisions"}],"predecessor-version":[{"id":51472,"href":"https:\/\/vocesparalelas.com.ar\/sitio\/wp-json\/wp\/v2\/posts\/51469\/revisions\/51472"}],"wp:featuredmedia":[{"embeddable":true,"href":"https:\/\/vocesparalelas.com.ar\/sitio\/wp-json\/wp\/v2\/media\/51471"}],"wp:attachment":[{"href":"https:\/\/vocesparalelas.com.ar\/sitio\/wp-json\/wp\/v2\/media?parent=51469"}],"wp:term":[{"taxonomy":"category","embeddable":true,"href":"https:\/\/vocesparalelas.com.ar\/sitio\/wp-json\/wp\/v2\/categories?post=51469"},{"taxonomy":"post_tag","embeddable":true,"href":"https:\/\/vocesparalelas.com.ar\/sitio\/wp-json\/wp\/v2\/tags?post=51469"}],"curies":[{"name":"wp","href":"https:\/\/api.w.org\/{rel}","templated":true}]}}