{"id":51448,"date":"2022-08-08T20:44:35","date_gmt":"2022-08-08T23:44:35","guid":{"rendered":"https:\/\/vocesparalelas.com.ar\/sitio\/?p=51448"},"modified":"2022-08-10T01:51:59","modified_gmt":"2022-08-10T04:51:59","slug":"sumate-al-programa-rivadavia-vuelve-al-cole","status":"publish","type":"post","link":"https:\/\/vocesparalelas.com.ar\/sitio\/sumate-al-programa-rivadavia-vuelve-al-cole\/","title":{"rendered":"Sumate al \u201cPrograma Rivadavia Vuelve al Cole\u00bb"},"content":{"rendered":"<p>La Municipalidad de Rivadavia informa que en los primeros meses de implementado el \u201cPrograma Rivadavia Vuelve al Cole\u00bb, ya dio sus primeros frutos.<\/p>\n<p>Este novedoso sistema de apoyo, el cual tiene el objetivo que los vecinos puedan seguir sus estudios obligatorios, logr\u00f3 la inserci\u00f3n de 40 estudiantes del Departamento Rivadavia a los diferentes niveles educativos.<\/p>\n<p>Adem\u00e1s, asist<\/p>\n<p><img loading=\"lazy\" decoding=\"async\" class=\"alignnone size-full wp-image-51451\" src=\"https:\/\/vocesparalelas.com.ar\/sitio\/wp-content\/uploads\/2022\/08\/rivadavia-volve-02.jpg\" alt=\"\" width=\"800\" height=\"533\" srcset=\"https:\/\/vocesparalelas.com.ar\/sitio\/wp-content\/uploads\/2022\/08\/rivadavia-volve-02.jpg 800w, https:\/\/vocesparalelas.com.ar\/sitio\/wp-content\/uploads\/2022\/08\/rivadavia-volve-02-300x200.jpg 300w, https:\/\/vocesparalelas.com.ar\/sitio\/wp-content\/uploads\/2022\/08\/rivadavia-volve-02-768x512.jpg 768w\" sizes=\"auto, (max-width: 800px) 100vw, 800px\" \/>en a 240 alumnos con clases de apoyo en diferentes materias, para que puedan terminar su formaci\u00f3n acad\u00e9mica.<\/p>\n<p>Desde la Municipalidad de Rivadavia, han destinado recurso humano y financiero necesario para lograr que cada alumno est\u00e9 en su aula.<\/p>\n<p>Si te gustar\u00eda terminar la escuela o conoces alg\u00fan caso de deserci\u00f3n escolar, escribe a WhatsApp 2645622670 o a <a href=\"mailto:rivadaviavuelvealcole@gmail.com\">rivadaviavuelvealcole@gmail.com<\/a><\/p>\n<p>Un grupo de promotores educativos, visitan a las familias para conocer cada situaci\u00f3n, darles soluci\u00f3n y lograr la vuelta de los chicos al cole.<\/p>\n<p>Rivadavia es el primer municipio de la provincia en ejecutar un programa de estas caracter\u00edsticas. Desde nuestra gesti\u00f3n entendemos que pensar en educaci\u00f3n es seguir construyendo futuro.<\/p>\n<p><img loading=\"lazy\" decoding=\"async\" class=\"alignnone size-large wp-image-42675\" src=\"https:\/\/vocesparalelas.com.ar\/sitio\/wp-content\/uploads\/2021\/10\/RIVADAVIA-LOGO-800x600.jpg\" alt=\"\" width=\"800\" height=\"600\" srcset=\"https:\/\/vocesparalelas.com.ar\/sitio\/wp-content\/uploads\/2021\/10\/RIVADAVIA-LOGO-800x600.jpg 800w, https:\/\/vocesparalelas.com.ar\/sitio\/wp-content\/uploads\/2021\/10\/RIVADAVIA-LOGO-300x225.jpg 300w, https:\/\/vocesparalelas.com.ar\/sitio\/wp-content\/uploads\/2021\/10\/RIVADAVIA-LOGO-768x576.jpg 768w, https:\/\/vocesparalelas.com.ar\/sitio\/wp-content\/uploads\/2021\/10\/RIVADAVIA-LOGO.jpg 1024w\" sizes=\"auto, (max-width: 800px) 100vw, 800px\" \/><\/p>\n<p>Publicado el Lunes, 08 de Agosto de 2022<\/p>\n","protected":false},"excerpt":{"rendered":"<p>La Municipalidad de Rivadavia informa que en los primeros meses de implementado el \u201cPrograma Rivadavia Vuelve al Cole\u00bb, ya dio<\/p>\n","protected":false},"author":3,"featured_media":51450,"comment_status":"closed","ping_status":"closed","sticky":false,"template":"","format":"standard","meta":{"_acf_changed":false,"_seopress_robots_primary_cat":"none","_seopress_titles_title":"","_seopress_titles_desc":"","_seopress_robots_index":"","colormag_page_container_layout":"default_layout","colormag_page_sidebar_layout":"default_layout","footnotes":""},"categories":[2],"tags":[],"class_list":["post-51448","post","type-post","status-publish","format-standard","has-post-thumbnail","hentry","category-convocatorias"],"acf":[],"_links":{"self":[{"href":"https:\/\/vocesparalelas.com.ar\/sitio\/wp-json\/wp\/v2\/posts\/51448","targetHints":{"allow":["GET"]}}],"collection":[{"href":"https:\/\/vocesparalelas.com.ar\/sitio\/wp-json\/wp\/v2\/posts"}],"about":[{"href":"https:\/\/vocesparalelas.com.ar\/sitio\/wp-json\/wp\/v2\/types\/post"}],"author":[{"embeddable":true,"href":"https:\/\/vocesparalelas.com.ar\/sitio\/wp-json\/wp\/v2\/users\/3"}],"replies":[{"embeddable":true,"href":"https:\/\/vocesparalelas.com.ar\/sitio\/wp-json\/wp\/v2\/comments?post=51448"}],"version-history":[{"count":1,"href":"https:\/\/vocesparalelas.com.ar\/sitio\/wp-json\/wp\/v2\/posts\/51448\/revisions"}],"predecessor-version":[{"id":51452,"href":"https:\/\/vocesparalelas.com.ar\/sitio\/wp-json\/wp\/v2\/posts\/51448\/revisions\/51452"}],"wp:featuredmedia":[{"embeddable":true,"href":"https:\/\/vocesparalelas.com.ar\/sitio\/wp-json\/wp\/v2\/media\/51450"}],"wp:attachment":[{"href":"https:\/\/vocesparalelas.com.ar\/sitio\/wp-json\/wp\/v2\/media?parent=51448"}],"wp:term":[{"taxonomy":"category","embeddable":true,"href":"https:\/\/vocesparalelas.com.ar\/sitio\/wp-json\/wp\/v2\/categories?post=51448"},{"taxonomy":"post_tag","embeddable":true,"href":"https:\/\/vocesparalelas.com.ar\/sitio\/wp-json\/wp\/v2\/tags?post=51448"}],"curies":[{"name":"wp","href":"https:\/\/api.w.org\/{rel}","templated":true}]}}