{"id":51413,"date":"2022-08-06T22:26:09","date_gmt":"2022-08-07T01:26:09","guid":{"rendered":"https:\/\/vocesparalelas.com.ar\/sitio\/?p=51413"},"modified":"2022-08-06T22:27:27","modified_gmt":"2022-08-07T01:27:27","slug":"curso-introductorio-de-busqueda-y-rescate-en-estructuras-colapsadas-en-san-juan","status":"publish","type":"post","link":"https:\/\/vocesparalelas.com.ar\/sitio\/curso-introductorio-de-busqueda-y-rescate-en-estructuras-colapsadas-en-san-juan\/","title":{"rendered":"Curso introductorio de B\u00fasqueda y Rescate en Estructuras Colapsadas  en San Juan"},"content":{"rendered":"<p>Del 6 al 8 de Agosto se realiza en el Regimiento de Infanter\u00eda de Monta\u00f1a 22 de la provincia de San Juan el curso introductorio de B\u00fasqueda y Rescate en Estructuras Colapsadas para conformar la 1\u00b0 Brigada USAR de las Fuerzas Armadas &#8211; BREC.<\/p>\n<p>Dicha capacitaci\u00f3n est\u00e1 organizada por la Secretar\u00eda de Coordinaci\u00f3n Militar en Emergencias del Ministerio de Defensa Argentina.<\/p>\n<p>Dicha Brigada estar\u00e1 integrada por personal de las unidades militares circunscritas en el \u00e1rea Cuyo, competentes en la tarea compuestas por personal del RIM 22 de la Provincia de San Juan, Compa\u00f1\u00eda de Ingenieros de Construcci\u00f3n de Monta\u00f1a 5 de la Provincias de La Rioja y Batall\u00f3n de Ingenieros de Monta\u00f1a 8 de la Provincia de Mendoza.<\/p>\n<p>Cabe destacar la relevancia de contar con un equipo especializado de estas caracter\u00edsticas integrado por recursos humanos de provincias que forman parte de una regi\u00f3n del pa\u00eds caracterizada por sismos recurrentes.<\/p>\n<p>Los equipos USAR prestan asistencia humanitaria especializada en lugares afectados por eventos devastadores que hayan causado colapsos de estructuras.<\/p>\n<p>Estas operaciones son llevadas a cabo por equipos profesionales especializados en un ambiente de alto riesgo.<\/p>\n<p>En la actualidad existen poco m\u00e1s de 40 Brigadas USAR en todo el mundo y nuestro pa\u00eds sumar\u00e1 la 1\u00b0 Brigada USAR de las Fuerzas Armadas.<\/p>\n<p><img loading=\"lazy\" decoding=\"async\" class=\"alignnone size-full wp-image-49313\" src=\"https:\/\/vocesparalelas.com.ar\/sitio\/wp-content\/uploads\/2022\/05\/RIM-22-07.jpg\" alt=\"\" width=\"800\" height=\"533\" srcset=\"https:\/\/vocesparalelas.com.ar\/sitio\/wp-content\/uploads\/2022\/05\/RIM-22-07.jpg 800w, https:\/\/vocesparalelas.com.ar\/sitio\/wp-content\/uploads\/2022\/05\/RIM-22-07-300x200.jpg 300w, https:\/\/vocesparalelas.com.ar\/sitio\/wp-content\/uploads\/2022\/05\/RIM-22-07-768x512.jpg 768w\" sizes=\"auto, (max-width: 800px) 100vw, 800px\" \/><\/p>\n<p>Publicado el S\u00e1bado, 06 de Agosto de 2022<\/p>\n","protected":false},"excerpt":{"rendered":"<p>Del 6 al 8 de Agosto se realiza en el Regimiento de Infanter\u00eda de Monta\u00f1a 22 de la provincia de<\/p>\n","protected":false},"author":3,"featured_media":49312,"comment_status":"closed","ping_status":"closed","sticky":false,"template":"","format":"standard","meta":{"_acf_changed":false,"_seopress_robots_primary_cat":"none","_seopress_titles_title":"","_seopress_titles_desc":"","_seopress_robots_index":"","colormag_page_container_layout":"default_layout","colormag_page_sidebar_layout":"default_layout","footnotes":""},"categories":[1],"tags":[],"class_list":["post-51413","post","type-post","status-publish","format-standard","has-post-thumbnail","hentry","category-destacadas"],"acf":[],"_links":{"self":[{"href":"https:\/\/vocesparalelas.com.ar\/sitio\/wp-json\/wp\/v2\/posts\/51413","targetHints":{"allow":["GET"]}}],"collection":[{"href":"https:\/\/vocesparalelas.com.ar\/sitio\/wp-json\/wp\/v2\/posts"}],"about":[{"href":"https:\/\/vocesparalelas.com.ar\/sitio\/wp-json\/wp\/v2\/types\/post"}],"author":[{"embeddable":true,"href":"https:\/\/vocesparalelas.com.ar\/sitio\/wp-json\/wp\/v2\/users\/3"}],"replies":[{"embeddable":true,"href":"https:\/\/vocesparalelas.com.ar\/sitio\/wp-json\/wp\/v2\/comments?post=51413"}],"version-history":[{"count":3,"href":"https:\/\/vocesparalelas.com.ar\/sitio\/wp-json\/wp\/v2\/posts\/51413\/revisions"}],"predecessor-version":[{"id":51417,"href":"https:\/\/vocesparalelas.com.ar\/sitio\/wp-json\/wp\/v2\/posts\/51413\/revisions\/51417"}],"wp:featuredmedia":[{"embeddable":true,"href":"https:\/\/vocesparalelas.com.ar\/sitio\/wp-json\/wp\/v2\/media\/49312"}],"wp:attachment":[{"href":"https:\/\/vocesparalelas.com.ar\/sitio\/wp-json\/wp\/v2\/media?parent=51413"}],"wp:term":[{"taxonomy":"category","embeddable":true,"href":"https:\/\/vocesparalelas.com.ar\/sitio\/wp-json\/wp\/v2\/categories?post=51413"},{"taxonomy":"post_tag","embeddable":true,"href":"https:\/\/vocesparalelas.com.ar\/sitio\/wp-json\/wp\/v2\/tags?post=51413"}],"curies":[{"name":"wp","href":"https:\/\/api.w.org\/{rel}","templated":true}]}}