{"id":51410,"date":"2022-08-06T21:20:25","date_gmt":"2022-08-07T00:20:25","guid":{"rendered":"https:\/\/vocesparalelas.com.ar\/sitio\/?p=51410"},"modified":"2022-08-09T02:15:16","modified_gmt":"2022-08-09T05:15:16","slug":"udap-adhiere-al-paro-nacional-de-ctera","status":"publish","type":"post","link":"https:\/\/vocesparalelas.com.ar\/sitio\/udap-adhiere-al-paro-nacional-de-ctera\/","title":{"rendered":"UDAP adhiere al Paro Nacional de CTERA"},"content":{"rendered":"<p>La Uni\u00f3n Docentes Agremiados Provinciales &#8211; UDAP -, de San Juan comunica a los docentes activos y jubilados del Sistema Educativo\u00a0Provincial, Estatal y Privado, que el Mi\u00e9rcoles, 10 de Agosto, UDAP adhiere al paro nacional decretado por CTERA.<\/p>\n<p>Esta medida est\u00e1 motivada en raz\u00f3n a diferentes reclamos que se vienen realizando en distintos tiempos, diferentes organismos y autoridades del Gobierno Nacional, en el marco de la grave situaci\u00f3n econ\u00f3mica que vive Argentina; tambi\u00e9n el repudio a la resoluci\u00f3n de la justicia en la causa contra Santiago Goodman ex secretario general de ATECH, de la Provincia de Chubut, acto que criminaliza la protesta social.<\/p>\n<p>Por ello exigimos:<\/p>\n<p>1- Trimestralizacion y aumento de emergencia a las\/los jubilados\/as docentes de las 11 provincias de cajas transferidas.<\/p>\n<p>2- Apertura de paritarias provinciales.<\/p>\n<p>3- Resoluci\u00f3n urgente de los conflictos en las provincias de Mendoza, Santa Fe, San Luis y Corrientes.<\/p>\n<p>4- No a la criminalizaci\u00f3n y judicializaci\u00f3n de la protesta social, solidaridad con los compa\u00f1eros de ATECH (Chubut) y ADOSAC (Santa Cruz).<\/p>\n<p>5- Absoluci\u00f3n a Santiago Goodman.<\/p>\n<p style=\"text-align: right;\">San Juan, 06 de Agosto de 2022<\/p>\n<p style=\"text-align: right;\">Secretariado Ejecutivo<\/p>\n<p style=\"text-align: right;\">Luis Lucero Secretario General<\/p>\n<p>Publicado el 06 de Agosto de 2022<\/p>\n","protected":false},"excerpt":{"rendered":"<p>La Uni\u00f3n Docentes Agremiados Provinciales &#8211; UDAP -, de San Juan comunica a los docentes activos y jubilados del Sistema<\/p>\n","protected":false},"author":3,"featured_media":11624,"comment_status":"closed","ping_status":"closed","sticky":false,"template":"","format":"standard","meta":{"_acf_changed":false,"_seopress_robots_primary_cat":"none","_seopress_titles_title":"","_seopress_titles_desc":"","_seopress_robots_index":"","colormag_page_container_layout":"default_layout","colormag_page_sidebar_layout":"default_layout","footnotes":""},"categories":[6],"tags":[],"class_list":["post-51410","post","type-post","status-publish","format-standard","has-post-thumbnail","hentry","category-eventos"],"acf":[],"_links":{"self":[{"href":"https:\/\/vocesparalelas.com.ar\/sitio\/wp-json\/wp\/v2\/posts\/51410","targetHints":{"allow":["GET"]}}],"collection":[{"href":"https:\/\/vocesparalelas.com.ar\/sitio\/wp-json\/wp\/v2\/posts"}],"about":[{"href":"https:\/\/vocesparalelas.com.ar\/sitio\/wp-json\/wp\/v2\/types\/post"}],"author":[{"embeddable":true,"href":"https:\/\/vocesparalelas.com.ar\/sitio\/wp-json\/wp\/v2\/users\/3"}],"replies":[{"embeddable":true,"href":"https:\/\/vocesparalelas.com.ar\/sitio\/wp-json\/wp\/v2\/comments?post=51410"}],"version-history":[{"count":1,"href":"https:\/\/vocesparalelas.com.ar\/sitio\/wp-json\/wp\/v2\/posts\/51410\/revisions"}],"predecessor-version":[{"id":51412,"href":"https:\/\/vocesparalelas.com.ar\/sitio\/wp-json\/wp\/v2\/posts\/51410\/revisions\/51412"}],"wp:featuredmedia":[{"embeddable":true,"href":"https:\/\/vocesparalelas.com.ar\/sitio\/wp-json\/wp\/v2\/media\/11624"}],"wp:attachment":[{"href":"https:\/\/vocesparalelas.com.ar\/sitio\/wp-json\/wp\/v2\/media?parent=51410"}],"wp:term":[{"taxonomy":"category","embeddable":true,"href":"https:\/\/vocesparalelas.com.ar\/sitio\/wp-json\/wp\/v2\/categories?post=51410"},{"taxonomy":"post_tag","embeddable":true,"href":"https:\/\/vocesparalelas.com.ar\/sitio\/wp-json\/wp\/v2\/tags?post=51410"}],"curies":[{"name":"wp","href":"https:\/\/api.w.org\/{rel}","templated":true}]}}