{"id":51406,"date":"2022-08-06T20:05:09","date_gmt":"2022-08-06T23:05:09","guid":{"rendered":"https:\/\/vocesparalelas.com.ar\/sitio\/?p=51406"},"modified":"2022-08-09T02:15:40","modified_gmt":"2022-08-09T05:15:40","slug":"paro-nacional-docente-de-ctera","status":"publish","type":"post","link":"https:\/\/vocesparalelas.com.ar\/sitio\/paro-nacional-docente-de-ctera\/","title":{"rendered":"Paro Nacional docente de CTERA"},"content":{"rendered":"<p>El Mi\u00e9rcoles, 10 de Agosto CTERA convoca a un Paro Nacional contra la criminalizaci\u00f3n y judicializaci\u00f3n de la protesta social y la condena a nuestro compa\u00f1ero Santiago Goodman.<\/p>\n<p>Este fallo condena al compa\u00f1ero Santiago Goodman ex Secretario General de ATECH, y Secretario Gremial CTA Chubut, en una causa \u00abarmada\u00bb, con \u00abespionaje ilegal\u00bb, en medio de una situaci\u00f3n social grave en la provincia con atraso de salarios de dos y tres meses, con un ajuste salvaje.<\/p>\n<p>En ese contexto y luego de una manifestaci\u00f3n pac\u00edfica de los sectores sindicales y sociales, dos docentes, Jorgelina y Mar\u00eda Cristina, fallecen en un accidente despu\u00e9s de participar de dicha marcha.<\/p>\n<p>Ante este injusto juicio y la clara criminalizaci\u00f3n de la protesta social, la justicia condena a nuestro compa\u00f1ero Santiago Goodman.<\/p>\n<p>Desde CTERA expresamos nuestro repudio al fallo de la justicia y exigimos la absoluci\u00f3n de Santiago Goodman.<\/p>\n<p>Asimismo, CTERA reclama:<\/p>\n<ul>\n<li>Apertura de las Paritarias Provinciales<\/li>\n<li>Trimestralizaci\u00f3n y aumento de emergencia a lxs jubilados docentes nacionales. &#8211; Reclamar que los gobiernos provinciales convoquen a los gremios docentes a paritarias para discutir la jornada extendida.<\/li>\n<li>Resoluci\u00f3n urgente de los conflictos de Mendoza, Santa Fe, R\u00edo Negro, San Luis y Corrientes.<\/li>\n<li>No a la criminalizaci\u00f3n y judicializaci\u00f3n de la protesta social: Solidaridad con lxs compa\u00f1eros de Chubut &#8211; ATECH-y de ADOSAC -Santa Cruz &#8211;<\/li>\n<\/ul>\n<p>El mi\u00e9rcoles 10, durante la jornada de paro, la Junta Ejecutiva de CTERA estar\u00e1 presente en Chubut.<\/p>\n<p>Adem\u00e1s, se har\u00e1n movilizaciones y concentraciones en todas las provincias.<\/p>\n<p style=\"text-align: right;\">Buenos Aires, 5 de Agosto de 2022<\/p>\n<p style=\"text-align: right;\">Junta Ejecutiva de CTERA<\/p>\n<p>Publicado el S\u00e1bado, 06 de Agosto de 2022<\/p>\n","protected":false},"excerpt":{"rendered":"<p>El Mi\u00e9rcoles, 10 de Agosto CTERA convoca a un Paro Nacional contra la criminalizaci\u00f3n y judicializaci\u00f3n de la protesta social<\/p>\n","protected":false},"author":3,"featured_media":26993,"comment_status":"closed","ping_status":"closed","sticky":false,"template":"","format":"standard","meta":{"_acf_changed":false,"_seopress_robots_primary_cat":"none","_seopress_titles_title":"","_seopress_titles_desc":"","_seopress_robots_index":"","colormag_page_container_layout":"default_layout","colormag_page_sidebar_layout":"default_layout","footnotes":""},"categories":[6],"tags":[],"class_list":["post-51406","post","type-post","status-publish","format-standard","has-post-thumbnail","hentry","category-eventos"],"acf":[],"_links":{"self":[{"href":"https:\/\/vocesparalelas.com.ar\/sitio\/wp-json\/wp\/v2\/posts\/51406","targetHints":{"allow":["GET"]}}],"collection":[{"href":"https:\/\/vocesparalelas.com.ar\/sitio\/wp-json\/wp\/v2\/posts"}],"about":[{"href":"https:\/\/vocesparalelas.com.ar\/sitio\/wp-json\/wp\/v2\/types\/post"}],"author":[{"embeddable":true,"href":"https:\/\/vocesparalelas.com.ar\/sitio\/wp-json\/wp\/v2\/users\/3"}],"replies":[{"embeddable":true,"href":"https:\/\/vocesparalelas.com.ar\/sitio\/wp-json\/wp\/v2\/comments?post=51406"}],"version-history":[{"count":2,"href":"https:\/\/vocesparalelas.com.ar\/sitio\/wp-json\/wp\/v2\/posts\/51406\/revisions"}],"predecessor-version":[{"id":51409,"href":"https:\/\/vocesparalelas.com.ar\/sitio\/wp-json\/wp\/v2\/posts\/51406\/revisions\/51409"}],"wp:featuredmedia":[{"embeddable":true,"href":"https:\/\/vocesparalelas.com.ar\/sitio\/wp-json\/wp\/v2\/media\/26993"}],"wp:attachment":[{"href":"https:\/\/vocesparalelas.com.ar\/sitio\/wp-json\/wp\/v2\/media?parent=51406"}],"wp:term":[{"taxonomy":"category","embeddable":true,"href":"https:\/\/vocesparalelas.com.ar\/sitio\/wp-json\/wp\/v2\/categories?post=51406"},{"taxonomy":"post_tag","embeddable":true,"href":"https:\/\/vocesparalelas.com.ar\/sitio\/wp-json\/wp\/v2\/tags?post=51406"}],"curies":[{"name":"wp","href":"https:\/\/api.w.org\/{rel}","templated":true}]}}