{"id":51370,"date":"2022-08-04T21:21:41","date_gmt":"2022-08-05T00:21:41","guid":{"rendered":"https:\/\/vocesparalelas.com.ar\/sitio\/?p=51370"},"modified":"2022-08-08T23:36:15","modified_gmt":"2022-08-09T02:36:15","slug":"concurso-literario-san-juan-escribe-2022-premio-jorge-leonidas-escudero","status":"publish","type":"post","link":"https:\/\/vocesparalelas.com.ar\/sitio\/concurso-literario-san-juan-escribe-2022-premio-jorge-leonidas-escudero\/","title":{"rendered":"Concurso Literario \u00abSan Juan Escribe 2022\u00bb Premio Jorge Le\u00f3nidas Escudero"},"content":{"rendered":"<p>La C\u00e1mara de Diputados de San Juan convoca al concurso provincial \u00abSan Juan Escribe. Premio Jorge Le\u00f3nidas Escudero Edici\u00f3n 2022\u00bb, de car\u00e1cter abierto y gratuito, dirigido a ciudadanos sanjuaninos nativos o que residan en la provincia de San Juan.<\/p>\n<p>Las obras literarias deben ser originales e in\u00e9ditas, las que resulten ganadoras ser\u00e1n publicadas por C\u00e1mara de Diputados de la Provincia de San Juan a trav\u00e9s del Fondo Editorial.<\/p>\n<p><span style=\"color: #993366;\"><strong>Calendario<\/strong><\/span><\/p>\n<ul>\n<li>Presentaci\u00f3n de obras: desde 01 de agosto al 16 de agosto.<\/li>\n<li>Selecci\u00f3n y elecci\u00f3n de obras: 16 de agosto al 11 de octubre.<\/li>\n<li>Acto de entrega de premios: 14 de octubre (Feria Provincial del Libro y la Cultura Popular- Rawson).<\/li>\n<li>Lanzamiento de las obras editadas: 30 de noviembre de 2022.<\/li>\n<\/ul>\n<p><span style=\"color: #993366;\"><strong>Tema y G\u00e9neros<\/strong><\/span><\/p>\n<p>El tema ser\u00e1 de libre elecci\u00f3n.<\/p>\n<p>Los g\u00e9neros y categor\u00edas textuales comprendidos en el concurso son:<\/p>\n<ul>\n<li><span style=\"color: #993366;\"><strong>G\u00e9nero L\u00cdRICO<\/strong><\/span><\/li>\n<\/ul>\n<p>Categor\u00eda Poemas. La extensi\u00f3n m\u00ednima\u00a0de la obra es de veinte (20) poemas y cada poema deber\u00e1 tener entre\u00a012\u00a0y 20 versos.<\/p>\n<ul>\n<li><span style=\"color: #993366;\"><strong>G\u00e9nero NARRATIVO<\/strong><\/span><\/li>\n<\/ul>\n<p>Categor\u00eda Novela. La extensi\u00f3n m\u00ednima de la obra es de treinta (30) p\u00e1ginas y un m\u00e1ximo de ciento veinte (120) p\u00e1ginas.<\/p>\n<p>Categor\u00eda Cuentos. La extensi\u00f3n m\u00ednima es de diez (10) p\u00e1ginas. Podr\u00e1 presentarse tambi\u00e9n una colecci\u00f3n de cuentos para ni\u00f1os (libro infantil).<\/p>\n<p>Categor\u00eda Relatos Breves (costumbrista, personajes de pueblos, leyendas, etc.) La extensi\u00f3n ser\u00e1 de tres (3) a cinco (5) p\u00e1ginas.<\/p>\n<p>Categor\u00eda Ensayos. Las tem\u00e1ticas de estas obras est\u00e1n abiertas a cualquier \u00e1rea del conocimiento. La extensi\u00f3n m\u00ednima es de treinta (30) p\u00e1ginas.<\/p>\n<p>Categor\u00eda Tesis, Tesinas y Trabajos de Investigaci\u00f3n. Las tem\u00e1ticas de estas obras est\u00e1n abiertas a cualquier \u00e1rea del conocimiento. La extensi\u00f3n m\u00ednima es de cincuenta (50) p\u00e1ginas y un m\u00e1ximo de ciento veinte (120) p\u00e1ginas.<\/p>\n<ul>\n<li><span style=\"color: #993366;\"><strong>G\u00e9nero DRAM\u00c1TICO (Obras de teatro)<\/strong><\/span><\/li>\n<\/ul>\n<p>Categor\u00eda Tragedia. La extensi\u00f3n m\u00ednima es de treinta (30) p\u00e1ginas.<\/p>\n<p>Categor\u00eda Comedia. La extensi\u00f3n m\u00ednima es de treinta (30) p\u00e1ginas.<\/p>\n<p>Categor\u00eda Drama. La extensi\u00f3n m\u00ednima es de treinta (30) p\u00e1ginas.<\/p>\n<p><span style=\"color: #800080;\"><strong>Y otros menores:<\/strong><\/span><\/p>\n<p>Categor\u00eda Entrem\u00e9s. La extensi\u00f3n m\u00ednima es de diez (10) p\u00e1ginas.<\/p>\n<p>Categor\u00eda Sainete, La extensi\u00f3n m\u00ednima es de diez (10) p\u00e1ginas.<\/p>\n<p>Categor\u00eda Farsa. La extensi\u00f3n m\u00ednima es de diez (10) p\u00e1ginas.<\/p>\n<p><span style=\"color: #993366;\">\u00a0<strong>Premios<\/strong><\/span><\/p>\n<ul>\n<li><span style=\"color: #993366;\"><strong>Edici\u00f3n de la obra<\/strong><\/span><\/li>\n<\/ul>\n<p>El primer premio para el autor de la obra ganadora en cada categor\u00eda de g\u00e9nero se har\u00e1 acreedor de la suma de Ciento Veinte Mil Pesos ($ 120.000,00) y de la edici\u00f3n digital de su obra.<\/p>\n<p>El segundo premio, se har\u00e1 acreedor a la suma de Ochenta Mil pesos ($ 80.000,00) y la edici\u00f3n digital de su obra.<\/p>\n<p>El tercer premio, recibir\u00e1 una menci\u00f3n especial.<\/p>\n<ul>\n<li><span style=\"color: #993366;\"><strong>Diploma de participaci\u00f3n<\/strong><\/span><\/li>\n<\/ul>\n<p>Todos los participantes del concurso recibir\u00e1n un diploma de participaci\u00f3n. Para el caso de las obras en coautoria se emitir\u00e1 un diploma que mencione a todos los intervinientes.<\/p>\n<ul>\n<li><span style=\"color: #993366;\"><strong>Premio desierto<\/strong><\/span><\/li>\n<\/ul>\n<p>Cuando a criterio del Jurado de Selecci\u00f3n una o m\u00e1s obras preseleccionadas no alcancen la suficiencia requerida para su selecci\u00f3n como ganadoras, se declarar\u00e1 premio desierto en la categor\u00eda.<\/p>\n<p>&nbsp;<\/p>\n<p><strong><span style=\"color: #993366;\">Informaci\u00f3n<\/span><\/strong><\/p>\n<p><a href=\"https:\/\/diputadossanjuan.gob.ar\/san-juan-escribe-2022\">https:\/\/diputadossanjuan.gob.ar\/san-juan-escribe-2022<\/a><\/p>\n<p>&nbsp;<\/p>\n<p><img loading=\"lazy\" decoding=\"async\" class=\"alignnone wp-image-51374 size-full\" src=\"https:\/\/vocesparalelas.com.ar\/sitio\/wp-content\/uploads\/2022\/08\/SAN-JUAN-ESCRIBE-02.jpg\" alt=\"\" width=\"706\" height=\"1024\" srcset=\"https:\/\/vocesparalelas.com.ar\/sitio\/wp-content\/uploads\/2022\/08\/SAN-JUAN-ESCRIBE-02.jpg 706w, https:\/\/vocesparalelas.com.ar\/sitio\/wp-content\/uploads\/2022\/08\/SAN-JUAN-ESCRIBE-02-207x300.jpg 207w, https:\/\/vocesparalelas.com.ar\/sitio\/wp-content\/uploads\/2022\/08\/SAN-JUAN-ESCRIBE-02-552x800.jpg 552w\" sizes=\"auto, (max-width: 706px) 100vw, 706px\" \/><\/p>\n<p>Publicado el 04 de Agosto de 2022<\/p>\n","protected":false},"excerpt":{"rendered":"<p>La C\u00e1mara de Diputados de San Juan convoca al concurso provincial \u00abSan Juan Escribe. Premio Jorge Le\u00f3nidas Escudero Edici\u00f3n 2022\u00bb,<\/p>\n","protected":false},"author":3,"featured_media":51373,"comment_status":"closed","ping_status":"closed","sticky":false,"template":"","format":"standard","meta":{"_acf_changed":false,"_seopress_robots_primary_cat":"none","_seopress_titles_title":"","_seopress_titles_desc":"","_seopress_robots_index":"","colormag_page_container_layout":"default_layout","colormag_page_sidebar_layout":"default_layout","footnotes":""},"categories":[8],"tags":[],"class_list":["post-51370","post","type-post","status-publish","format-standard","has-post-thumbnail","hentry","category-concursos"],"acf":[],"_links":{"self":[{"href":"https:\/\/vocesparalelas.com.ar\/sitio\/wp-json\/wp\/v2\/posts\/51370","targetHints":{"allow":["GET"]}}],"collection":[{"href":"https:\/\/vocesparalelas.com.ar\/sitio\/wp-json\/wp\/v2\/posts"}],"about":[{"href":"https:\/\/vocesparalelas.com.ar\/sitio\/wp-json\/wp\/v2\/types\/post"}],"author":[{"embeddable":true,"href":"https:\/\/vocesparalelas.com.ar\/sitio\/wp-json\/wp\/v2\/users\/3"}],"replies":[{"embeddable":true,"href":"https:\/\/vocesparalelas.com.ar\/sitio\/wp-json\/wp\/v2\/comments?post=51370"}],"version-history":[{"count":7,"href":"https:\/\/vocesparalelas.com.ar\/sitio\/wp-json\/wp\/v2\/posts\/51370\/revisions"}],"predecessor-version":[{"id":51396,"href":"https:\/\/vocesparalelas.com.ar\/sitio\/wp-json\/wp\/v2\/posts\/51370\/revisions\/51396"}],"wp:featuredmedia":[{"embeddable":true,"href":"https:\/\/vocesparalelas.com.ar\/sitio\/wp-json\/wp\/v2\/media\/51373"}],"wp:attachment":[{"href":"https:\/\/vocesparalelas.com.ar\/sitio\/wp-json\/wp\/v2\/media?parent=51370"}],"wp:term":[{"taxonomy":"category","embeddable":true,"href":"https:\/\/vocesparalelas.com.ar\/sitio\/wp-json\/wp\/v2\/categories?post=51370"},{"taxonomy":"post_tag","embeddable":true,"href":"https:\/\/vocesparalelas.com.ar\/sitio\/wp-json\/wp\/v2\/tags?post=51370"}],"curies":[{"name":"wp","href":"https:\/\/api.w.org\/{rel}","templated":true}]}}