{"id":51357,"date":"2022-08-04T15:27:05","date_gmt":"2022-08-04T18:27:05","guid":{"rendered":"https:\/\/vocesparalelas.com.ar\/sitio\/?p=51357"},"modified":"2022-08-04T15:43:55","modified_gmt":"2022-08-04T18:43:55","slug":"sumate-a-la-marcha-exploratoria-y-mapeo-participativo-del-irpha-de-la-faud-de-la-unsj","status":"publish","type":"post","link":"https:\/\/vocesparalelas.com.ar\/sitio\/sumate-a-la-marcha-exploratoria-y-mapeo-participativo-del-irpha-de-la-faud-de-la-unsj\/","title":{"rendered":"Sumate a la Marcha Exploratoria y Mapeo participativo del IRPHa de la FAUD de la UNSJ"},"content":{"rendered":"<p>Un grupo de investigadoras del Instituto Regional de Planeamiento y H\u00e1bitat &#8211; IRPHa &#8211; de la Facultad de Arquitectura Urbanismo y Dise\u00f1o &#8211; FAUD &#8211; de la Universidad Nacional de San Juan Arq. Ivone Quispe; D.I. Mariana Galdeano Ruiz, Arq. Graciela Pappano, Arq. Gabriela Caama\u00f1o, Dra. Arq. Alci\u00f3n Alonso Frank, Arq. Ana Blanco \u00c1vila y Arq. Amelia Scognamillo invitan a sumarse al Proyecto \u00abNiveles de Inseguridad en los Espacios abiertos del CUIM\u00bb, es un trabajo de investigaci\u00f3n interno a la Unidad Acad\u00e9mica.<\/p>\n<p>El 25 de Agosto, a las 17 hs. en la Sala de Teleconferencia de la FAUD de la UNSJ, es el punto de encuentro para comenzar la Marcha Exploratoria y Mapeo Participativo.<\/p>\n<p>El objetivo es identificar y especializaci\u00f3n de manera colectiva y participativa los espacios que se perciben o viven como inseguros en las instalaciones del Complejo Universitario Islas Malvinas &#8211; CUIM &#8211; desde una perspectiva de g\u00e9nero.<\/p>\n<p><strong><span style=\"color: #339966;\">Inscripci\u00f3n para la <b>Marcha Exploratoria y Mapeo participativo<\/b><\/span><\/strong><\/p>\n<p><a href=\"https:\/\/n9.cl\/inscripcionmarchaymapeo\">https:\/\/n9.cl\/inscripcionmarchaymapeo<\/a><\/p>\n<p><img loading=\"lazy\" decoding=\"async\" class=\"alignnone size-large wp-image-24036\" src=\"https:\/\/vocesparalelas.com.ar\/sitio\/wp-content\/uploads\/2019\/10\/FAUD-EDIFICIO-BANDERA-01-800x528.jpg\" alt=\"\" width=\"800\" height=\"528\" srcset=\"https:\/\/vocesparalelas.com.ar\/sitio\/wp-content\/uploads\/2019\/10\/FAUD-EDIFICIO-BANDERA-01.jpg 800w, https:\/\/vocesparalelas.com.ar\/sitio\/wp-content\/uploads\/2019\/10\/FAUD-EDIFICIO-BANDERA-01-300x198.jpg 300w, https:\/\/vocesparalelas.com.ar\/sitio\/wp-content\/uploads\/2019\/10\/FAUD-EDIFICIO-BANDERA-01-768x507.jpg 768w\" sizes=\"auto, (max-width: 800px) 100vw, 800px\" \/><\/p>\n<p>Publicado el Jueves, 04 de Agosto de 2022<\/p>\n<p>&nbsp;<\/p>\n<p>&nbsp;<\/p>\n","protected":false},"excerpt":{"rendered":"<p>Un grupo de investigadoras del Instituto Regional de Planeamiento y H\u00e1bitat &#8211; IRPHa &#8211; de la Facultad de Arquitectura Urbanismo<\/p>\n","protected":false},"author":3,"featured_media":50293,"comment_status":"closed","ping_status":"closed","sticky":false,"template":"","format":"standard","meta":{"_acf_changed":false,"_seopress_robots_primary_cat":"none","_seopress_titles_title":"","_seopress_titles_desc":"","_seopress_robots_index":"","colormag_page_container_layout":"default_layout","colormag_page_sidebar_layout":"default_layout","footnotes":""},"categories":[1],"tags":[],"class_list":["post-51357","post","type-post","status-publish","format-standard","has-post-thumbnail","hentry","category-destacadas"],"acf":[],"_links":{"self":[{"href":"https:\/\/vocesparalelas.com.ar\/sitio\/wp-json\/wp\/v2\/posts\/51357","targetHints":{"allow":["GET"]}}],"collection":[{"href":"https:\/\/vocesparalelas.com.ar\/sitio\/wp-json\/wp\/v2\/posts"}],"about":[{"href":"https:\/\/vocesparalelas.com.ar\/sitio\/wp-json\/wp\/v2\/types\/post"}],"author":[{"embeddable":true,"href":"https:\/\/vocesparalelas.com.ar\/sitio\/wp-json\/wp\/v2\/users\/3"}],"replies":[{"embeddable":true,"href":"https:\/\/vocesparalelas.com.ar\/sitio\/wp-json\/wp\/v2\/comments?post=51357"}],"version-history":[{"count":4,"href":"https:\/\/vocesparalelas.com.ar\/sitio\/wp-json\/wp\/v2\/posts\/51357\/revisions"}],"predecessor-version":[{"id":51362,"href":"https:\/\/vocesparalelas.com.ar\/sitio\/wp-json\/wp\/v2\/posts\/51357\/revisions\/51362"}],"wp:featuredmedia":[{"embeddable":true,"href":"https:\/\/vocesparalelas.com.ar\/sitio\/wp-json\/wp\/v2\/media\/50293"}],"wp:attachment":[{"href":"https:\/\/vocesparalelas.com.ar\/sitio\/wp-json\/wp\/v2\/media?parent=51357"}],"wp:term":[{"taxonomy":"category","embeddable":true,"href":"https:\/\/vocesparalelas.com.ar\/sitio\/wp-json\/wp\/v2\/categories?post=51357"},{"taxonomy":"post_tag","embeddable":true,"href":"https:\/\/vocesparalelas.com.ar\/sitio\/wp-json\/wp\/v2\/tags?post=51357"}],"curies":[{"name":"wp","href":"https:\/\/api.w.org\/{rel}","templated":true}]}}