{"id":51344,"date":"2022-08-04T13:48:05","date_gmt":"2022-08-04T16:48:05","guid":{"rendered":"https:\/\/vocesparalelas.com.ar\/sitio\/?p=51344"},"modified":"2022-08-04T13:49:17","modified_gmt":"2022-08-04T16:49:17","slug":"se-inauguro-la-plaza-del-loteo-bloise-en-el-departamento-rivadavia","status":"publish","type":"post","link":"https:\/\/vocesparalelas.com.ar\/sitio\/se-inauguro-la-plaza-del-loteo-bloise-en-el-departamento-rivadavia\/","title":{"rendered":"Se inaugur\u00f3 la Plaza del Loteo Bloise en el Departamento Rivadavia"},"content":{"rendered":"<p>La Municipalidad de Rivadavia inaugur\u00f3 la Plaza del Loteo Bloise, Dr. Arturo Illia y Cerro Mercedario, Departamento Rivadavia, con la participaci\u00f3n de autoridades, los vecinos y del grupo Renacer.<\/p>\n<p>Esta obra es el comienzo del Paseo que une con el Barrio STOTAC que permitir\u00e1 transformarse en un derivador de tr\u00e1nsito vehicular con salida a La Caba\u00f1a.<\/p>\n<p>Por ello, el Intendente de la Municipalidad de Rivadavia, Dr. Fabi\u00e1n Mart\u00edn, quien destac\u00f3 la obra que se realiz\u00f3 para continuar el trabajo para lograr un paseo que permita unir los barrios con una opci\u00f3n de la salida a otras calles.<\/p>\n<p><iframe loading=\"lazy\" title=\"DR FABI\u00c1N MART\u00cdN\" width=\"800\" height=\"450\" src=\"https:\/\/www.youtube.com\/embed\/CDq88BxbwW4?feature=oembed\" frameborder=\"0\" allow=\"accelerometer; autoplay; clipboard-write; encrypted-media; gyroscope; picture-in-picture\" allowfullscreen><\/iframe><\/p>\n<p>El acto comenz\u00f3 con el descubrimiento de la Placa testigo del Grupo Renacer que unen a los Padres que enfrentan la muerte de sus hijos. El momento fue muy emotivo por el Grupo Renacer junto al Intendente Dr. Fabi\u00e1n Mart\u00edn realizaron el trabajo de dejar visible una memoria activa para no olvidar a los que no est\u00e1n fisicamente porque se convirtieron una luz de vida en el coraz\u00f3n.<\/p>\n<p><img loading=\"lazy\" decoding=\"async\" class=\"alignnone size-full wp-image-51349\" src=\"https:\/\/vocesparalelas.com.ar\/sitio\/wp-content\/uploads\/2022\/08\/PLAZA-BLOISE-03.jpg\" alt=\"\" width=\"800\" height=\"533\" srcset=\"https:\/\/vocesparalelas.com.ar\/sitio\/wp-content\/uploads\/2022\/08\/PLAZA-BLOISE-03.jpg 800w, https:\/\/vocesparalelas.com.ar\/sitio\/wp-content\/uploads\/2022\/08\/PLAZA-BLOISE-03-300x200.jpg 300w, https:\/\/vocesparalelas.com.ar\/sitio\/wp-content\/uploads\/2022\/08\/PLAZA-BLOISE-03-768x512.jpg 768w\" sizes=\"auto, (max-width: 800px) 100vw, 800px\" \/><\/p>\n<p><img loading=\"lazy\" decoding=\"async\" class=\"alignnone size-full wp-image-51347\" src=\"https:\/\/vocesparalelas.com.ar\/sitio\/wp-content\/uploads\/2022\/08\/RENACER-01.jpg\" alt=\"\" width=\"800\" height=\"533\" srcset=\"https:\/\/vocesparalelas.com.ar\/sitio\/wp-content\/uploads\/2022\/08\/RENACER-01.jpg 800w, https:\/\/vocesparalelas.com.ar\/sitio\/wp-content\/uploads\/2022\/08\/RENACER-01-300x200.jpg 300w, https:\/\/vocesparalelas.com.ar\/sitio\/wp-content\/uploads\/2022\/08\/RENACER-01-768x512.jpg 768w\" sizes=\"auto, (max-width: 800px) 100vw, 800px\" \/><\/p>\n<figure id=\"attachment_51346\" aria-describedby=\"caption-attachment-51346\" style=\"width: 800px\" class=\"wp-caption alignnone\"><img loading=\"lazy\" decoding=\"async\" class=\"size-full wp-image-51346\" src=\"https:\/\/vocesparalelas.com.ar\/sitio\/wp-content\/uploads\/2022\/08\/RENACER.jpg\" alt=\"\" width=\"800\" height=\"533\" srcset=\"https:\/\/vocesparalelas.com.ar\/sitio\/wp-content\/uploads\/2022\/08\/RENACER.jpg 800w, https:\/\/vocesparalelas.com.ar\/sitio\/wp-content\/uploads\/2022\/08\/RENACER-300x200.jpg 300w, https:\/\/vocesparalelas.com.ar\/sitio\/wp-content\/uploads\/2022\/08\/RENACER-768x512.jpg 768w\" sizes=\"auto, (max-width: 800px) 100vw, 800px\" \/><figcaption id=\"caption-attachment-51346\" class=\"wp-caption-text\">Grupo Renacer<\/figcaption><\/figure>\n<p>Posteriormente, cortaron la cinta para dejar inaugurada la Plaza del Loteo Bloise que acompa\u00f1\u00f3 el Grupo Renacer.<\/p>\n<p>&nbsp;<\/p>\n<p><img loading=\"lazy\" decoding=\"async\" class=\"alignnone size-full wp-image-51352\" src=\"https:\/\/vocesparalelas.com.ar\/sitio\/wp-content\/uploads\/2022\/08\/PLAZA-BLOISE-01.jpg\" alt=\"\" width=\"800\" height=\"533\" srcset=\"https:\/\/vocesparalelas.com.ar\/sitio\/wp-content\/uploads\/2022\/08\/PLAZA-BLOISE-01.jpg 800w, https:\/\/vocesparalelas.com.ar\/sitio\/wp-content\/uploads\/2022\/08\/PLAZA-BLOISE-01-300x200.jpg 300w, https:\/\/vocesparalelas.com.ar\/sitio\/wp-content\/uploads\/2022\/08\/PLAZA-BLOISE-01-768x512.jpg 768w\" sizes=\"auto, (max-width: 800px) 100vw, 800px\" \/><\/p>\n<p>A continuaci\u00f3n, realizaron una recorrida por la plaza para dejar los mensaje y agradecimiento de los presentes.<\/p>\n<p><img loading=\"lazy\" decoding=\"async\" class=\"alignnone size-full wp-image-51348\" src=\"https:\/\/vocesparalelas.com.ar\/sitio\/wp-content\/uploads\/2022\/08\/PLAZA-BLOISE-02.jpg\" alt=\"\" width=\"800\" height=\"533\" srcset=\"https:\/\/vocesparalelas.com.ar\/sitio\/wp-content\/uploads\/2022\/08\/PLAZA-BLOISE-02.jpg 800w, https:\/\/vocesparalelas.com.ar\/sitio\/wp-content\/uploads\/2022\/08\/PLAZA-BLOISE-02-300x200.jpg 300w, https:\/\/vocesparalelas.com.ar\/sitio\/wp-content\/uploads\/2022\/08\/PLAZA-BLOISE-02-768x512.jpg 768w\" sizes=\"auto, (max-width: 800px) 100vw, 800px\" \/><\/p>\n<p>&nbsp;<\/p>\n<p>Publicado el Mi\u00e9rcoles, 04 de Agosto de 2022<\/p>\n<p>&nbsp;<\/p>\n","protected":false},"excerpt":{"rendered":"<p>La Municipalidad de Rivadavia inaugur\u00f3 la Plaza del Loteo Bloise, Dr. Arturo Illia y Cerro Mercedario, Departamento Rivadavia, con la<\/p>\n","protected":false},"author":3,"featured_media":51346,"comment_status":"closed","ping_status":"closed","sticky":false,"template":"","format":"video","meta":{"_acf_changed":false,"_seopress_robots_primary_cat":"none","_seopress_titles_title":"","_seopress_titles_desc":"","_seopress_robots_index":"","colormag_page_container_layout":"default_layout","colormag_page_sidebar_layout":"default_layout","footnotes":""},"categories":[1,7],"tags":[],"class_list":["post-51344","post","type-post","status-publish","format-video","has-post-thumbnail","hentry","category-destacadas","category-videos","post_format-post-format-video"],"acf":[],"_links":{"self":[{"href":"https:\/\/vocesparalelas.com.ar\/sitio\/wp-json\/wp\/v2\/posts\/51344","targetHints":{"allow":["GET"]}}],"collection":[{"href":"https:\/\/vocesparalelas.com.ar\/sitio\/wp-json\/wp\/v2\/posts"}],"about":[{"href":"https:\/\/vocesparalelas.com.ar\/sitio\/wp-json\/wp\/v2\/types\/post"}],"author":[{"embeddable":true,"href":"https:\/\/vocesparalelas.com.ar\/sitio\/wp-json\/wp\/v2\/users\/3"}],"replies":[{"embeddable":true,"href":"https:\/\/vocesparalelas.com.ar\/sitio\/wp-json\/wp\/v2\/comments?post=51344"}],"version-history":[{"count":3,"href":"https:\/\/vocesparalelas.com.ar\/sitio\/wp-json\/wp\/v2\/posts\/51344\/revisions"}],"predecessor-version":[{"id":51356,"href":"https:\/\/vocesparalelas.com.ar\/sitio\/wp-json\/wp\/v2\/posts\/51344\/revisions\/51356"}],"wp:featuredmedia":[{"embeddable":true,"href":"https:\/\/vocesparalelas.com.ar\/sitio\/wp-json\/wp\/v2\/media\/51346"}],"wp:attachment":[{"href":"https:\/\/vocesparalelas.com.ar\/sitio\/wp-json\/wp\/v2\/media?parent=51344"}],"wp:term":[{"taxonomy":"category","embeddable":true,"href":"https:\/\/vocesparalelas.com.ar\/sitio\/wp-json\/wp\/v2\/categories?post=51344"},{"taxonomy":"post_tag","embeddable":true,"href":"https:\/\/vocesparalelas.com.ar\/sitio\/wp-json\/wp\/v2\/tags?post=51344"}],"curies":[{"name":"wp","href":"https:\/\/api.w.org\/{rel}","templated":true}]}}