{"id":51318,"date":"2022-08-03T23:05:57","date_gmt":"2022-08-04T02:05:57","guid":{"rendered":"https:\/\/vocesparalelas.com.ar\/sitio\/?p=51318"},"modified":"2022-08-04T02:17:49","modified_gmt":"2022-08-04T05:17:49","slug":"reapertura-de-la-sala-de-lactancia-de-la-fi-de-la-unsj","status":"publish","type":"post","link":"https:\/\/vocesparalelas.com.ar\/sitio\/reapertura-de-la-sala-de-lactancia-de-la-fi-de-la-unsj\/","title":{"rendered":"Reapertura de la Sala de Lactancia de la FI de la UNSJ"},"content":{"rendered":"<p>La Facultad de Ingenier\u00eda de la Universidad Nacional de San Juan realiz\u00f3 la Reapertura de la Sala de Lactancia, en el marco de la Semana Mundial de la Lactancia Materna, que se extiende desde el 1 al 7 de Agosto; y dentro del programa de acciones relacionadas con 83 Aniversario de la Unidad Acad\u00e9mica.<\/p>\n<p>Es importante recordar que la Sala de Lactancia Materna de la Facultad de Ingenier\u00eda fue inaugurada por primera vez en el 12 de Agosto de 2019, durante la semana del Octog\u00e9simo Aniversario de la Facultad. Fue el primer espacio de este tipo instalado en la Universidad Nacional de San Juan.<\/p>\n<p>En esta ocasi\u00f3n se present\u00f3 las refacciones realizadas por un equipo de miembros de la Facultad, que trabaj\u00f3 para sumar comodidad y acondicionamiento apropiado al espacio.<\/p>\n<p><img loading=\"lazy\" decoding=\"async\" class=\"alignnone size-full wp-image-51323\" src=\"https:\/\/vocesparalelas.com.ar\/sitio\/wp-content\/uploads\/2022\/08\/FI-BEBE-04.jpg\" alt=\"\" width=\"800\" height=\"533\" srcset=\"https:\/\/vocesparalelas.com.ar\/sitio\/wp-content\/uploads\/2022\/08\/FI-BEBE-04.jpg 800w, https:\/\/vocesparalelas.com.ar\/sitio\/wp-content\/uploads\/2022\/08\/FI-BEBE-04-300x200.jpg 300w, https:\/\/vocesparalelas.com.ar\/sitio\/wp-content\/uploads\/2022\/08\/FI-BEBE-04-768x512.jpg 768w\" sizes=\"auto, (max-width: 800px) 100vw, 800px\" \/><\/p>\n<p>Por ello, la Ing. Adriana Jofr\u00e9, una integrante del Grupo de las Mujeres Ingenieras destac\u00f3 la importancia del espacio y fundamentalmente, al momento de conexi\u00f3n entre la mam\u00e1 y el beb\u00e9 al momento de amamantar. Adem\u00e1s, son espacios que adquiere la mujer y que se debe proteger.<\/p>\n<p><iframe loading=\"lazy\" title=\"FI UNSJ ING ADRIANA JOFR\u00c9\" width=\"800\" height=\"450\" src=\"https:\/\/www.youtube.com\/embed\/p1315PncIp0?feature=oembed\" frameborder=\"0\" allow=\"accelerometer; autoplay; clipboard-write; encrypted-media; gyroscope; picture-in-picture\" allowfullscreen><\/iframe><\/p>\n<p>Posteriormente, la vicedecana de la FI de la UNSJ, Dra. Andrea D\u00edaz, remarc\u00f3 estos espacios permiten dignificar a la mam\u00e1 con su hijito, al momento de alimentarlo o cambiarlo.<\/p>\n<p><iframe loading=\"lazy\" title=\"FI UNSJ VICEDECANA DRA ANDREA D\u00cdAZ\" width=\"800\" height=\"450\" src=\"https:\/\/www.youtube.com\/embed\/dBdgwOAXTQs?feature=oembed\" frameborder=\"0\" allow=\"accelerometer; autoplay; clipboard-write; encrypted-media; gyroscope; picture-in-picture\" allowfullscreen><\/iframe><\/p>\n<p>Finalmente, el Decano de la FI de la UNSJ, Ing. Mario Fern\u00e1ndez destac\u00f3 la importancia de los apostes realizados por el grupo de mujeres Ingenieras para mejorar y darle el toque necesario para que las mam\u00e1s de nuestra Unidad Acad\u00e9mica utilicen con su beb\u00e9.<\/p>\n<p><iframe loading=\"lazy\" title=\"FI UNSJ DECANO ING MARIO FERN\u00c1NDEZ\" width=\"800\" height=\"450\" src=\"https:\/\/www.youtube.com\/embed\/vMpvoFYjfZQ?feature=oembed\" frameborder=\"0\" allow=\"accelerometer; autoplay; clipboard-write; encrypted-media; gyroscope; picture-in-picture\" allowfullscreen><\/iframe><\/p>\n<p>La Sala de Lactancia Materna de la FI de la UNSJ, tiene un mural realizado por la artista Victoria D\u00e1vila, quien Voces Paralelas entrevist\u00f3 para que exprese su experiencia de creaci\u00f3n art\u00edstica.<\/p>\n<p><iframe loading=\"lazy\" title=\"FI UNSJ VICTORIA D\u00c1VILA\" width=\"800\" height=\"450\" src=\"https:\/\/www.youtube.com\/embed\/vDE_07M46F4?feature=oembed\" frameborder=\"0\" allow=\"accelerometer; autoplay; clipboard-write; encrypted-media; gyroscope; picture-in-picture\" allowfullscreen><\/iframe><\/p>\n<p><img loading=\"lazy\" decoding=\"async\" class=\"alignnone size-full wp-image-51322\" src=\"https:\/\/vocesparalelas.com.ar\/sitio\/wp-content\/uploads\/2022\/08\/FI-BEBE-03.jpg\" alt=\"\" width=\"800\" height=\"533\" srcset=\"https:\/\/vocesparalelas.com.ar\/sitio\/wp-content\/uploads\/2022\/08\/FI-BEBE-03.jpg 800w, https:\/\/vocesparalelas.com.ar\/sitio\/wp-content\/uploads\/2022\/08\/FI-BEBE-03-300x200.jpg 300w, https:\/\/vocesparalelas.com.ar\/sitio\/wp-content\/uploads\/2022\/08\/FI-BEBE-03-768x512.jpg 768w\" sizes=\"auto, (max-width: 800px) 100vw, 800px\" \/><\/p>\n<p>Las autoridades de la FI de la UNSJ ingresaron a la Sala de Lactancia Materna para disfrutar las remodelaciones que expresan lo acogedor del espacio para la mam\u00e1 y su beb\u00e9.<\/p>\n<p><img loading=\"lazy\" decoding=\"async\" class=\"alignnone size-full wp-image-51321\" src=\"https:\/\/vocesparalelas.com.ar\/sitio\/wp-content\/uploads\/2022\/08\/FI-BEBE-02.jpg\" alt=\"\" width=\"800\" height=\"533\" srcset=\"https:\/\/vocesparalelas.com.ar\/sitio\/wp-content\/uploads\/2022\/08\/FI-BEBE-02.jpg 800w, https:\/\/vocesparalelas.com.ar\/sitio\/wp-content\/uploads\/2022\/08\/FI-BEBE-02-300x200.jpg 300w, https:\/\/vocesparalelas.com.ar\/sitio\/wp-content\/uploads\/2022\/08\/FI-BEBE-02-768x512.jpg 768w\" sizes=\"auto, (max-width: 800px) 100vw, 800px\" \/><\/p>\n<p>&nbsp;<\/p>\n<p><img loading=\"lazy\" decoding=\"async\" class=\"alignnone size-full wp-image-51324\" src=\"https:\/\/vocesparalelas.com.ar\/sitio\/wp-content\/uploads\/2022\/08\/FI-BEBE-05.jpg\" alt=\"\" width=\"800\" height=\"533\" srcset=\"https:\/\/vocesparalelas.com.ar\/sitio\/wp-content\/uploads\/2022\/08\/FI-BEBE-05.jpg 800w, https:\/\/vocesparalelas.com.ar\/sitio\/wp-content\/uploads\/2022\/08\/FI-BEBE-05-300x200.jpg 300w, https:\/\/vocesparalelas.com.ar\/sitio\/wp-content\/uploads\/2022\/08\/FI-BEBE-05-768x512.jpg 768w\" sizes=\"auto, (max-width: 800px) 100vw, 800px\" \/><\/p>\n<p>Publicado el Mi\u00e9rcoles, 03 de Agosto de 2022<\/p>\n","protected":false},"excerpt":{"rendered":"<p>La Facultad de Ingenier\u00eda de la Universidad Nacional de San Juan realiz\u00f3 la Reapertura de la Sala de Lactancia, en<\/p>\n","protected":false},"author":3,"featured_media":51320,"comment_status":"closed","ping_status":"closed","sticky":false,"template":"","format":"video","meta":{"_acf_changed":false,"_seopress_robots_primary_cat":"none","_seopress_titles_title":"","_seopress_titles_desc":"","_seopress_robots_index":"","colormag_page_container_layout":"default_layout","colormag_page_sidebar_layout":"default_layout","footnotes":""},"categories":[1,7],"tags":[],"class_list":["post-51318","post","type-post","status-publish","format-video","has-post-thumbnail","hentry","category-destacadas","category-videos","post_format-post-format-video"],"acf":[],"_links":{"self":[{"href":"https:\/\/vocesparalelas.com.ar\/sitio\/wp-json\/wp\/v2\/posts\/51318","targetHints":{"allow":["GET"]}}],"collection":[{"href":"https:\/\/vocesparalelas.com.ar\/sitio\/wp-json\/wp\/v2\/posts"}],"about":[{"href":"https:\/\/vocesparalelas.com.ar\/sitio\/wp-json\/wp\/v2\/types\/post"}],"author":[{"embeddable":true,"href":"https:\/\/vocesparalelas.com.ar\/sitio\/wp-json\/wp\/v2\/users\/3"}],"replies":[{"embeddable":true,"href":"https:\/\/vocesparalelas.com.ar\/sitio\/wp-json\/wp\/v2\/comments?post=51318"}],"version-history":[{"count":2,"href":"https:\/\/vocesparalelas.com.ar\/sitio\/wp-json\/wp\/v2\/posts\/51318\/revisions"}],"predecessor-version":[{"id":51330,"href":"https:\/\/vocesparalelas.com.ar\/sitio\/wp-json\/wp\/v2\/posts\/51318\/revisions\/51330"}],"wp:featuredmedia":[{"embeddable":true,"href":"https:\/\/vocesparalelas.com.ar\/sitio\/wp-json\/wp\/v2\/media\/51320"}],"wp:attachment":[{"href":"https:\/\/vocesparalelas.com.ar\/sitio\/wp-json\/wp\/v2\/media?parent=51318"}],"wp:term":[{"taxonomy":"category","embeddable":true,"href":"https:\/\/vocesparalelas.com.ar\/sitio\/wp-json\/wp\/v2\/categories?post=51318"},{"taxonomy":"post_tag","embeddable":true,"href":"https:\/\/vocesparalelas.com.ar\/sitio\/wp-json\/wp\/v2\/tags?post=51318"}],"curies":[{"name":"wp","href":"https:\/\/api.w.org\/{rel}","templated":true}]}}