{"id":51311,"date":"2022-08-03T20:22:02","date_gmt":"2022-08-03T23:22:02","guid":{"rendered":"https:\/\/vocesparalelas.com.ar\/sitio\/?p=51311"},"modified":"2022-08-04T00:23:54","modified_gmt":"2022-08-04T03:23:54","slug":"donaron-libros-de-autores-de-san-juan-a-la-biblioteca-la-escalera","status":"publish","type":"post","link":"https:\/\/vocesparalelas.com.ar\/sitio\/donaron-libros-de-autores-de-san-juan-a-la-biblioteca-la-escalera\/","title":{"rendered":"Donaron libros de autores de San Juan a la Biblioteca \u201cLa Escalera\u201d"},"content":{"rendered":"<div class=\"itemFullText jbintrotext\">\n<p>En representaci\u00f3n de la C\u00e1mara de Diputados de San Juan, el legislador Rub\u00e9n Carri\u00f3n otorg\u00f3 a la Biblioteca Popular y P\u00fablica \u201cLa Escalera\u201d, una colecci\u00f3n de libros de autores de San Juan editados por el Fondo Editorial como as\u00ed tambi\u00e9n ejemplares de la Constituci\u00f3n provincial y adhesivos de c\u00f3digos QR del Digesto Jur\u00eddico de la provincia.<\/p>\n<\/div>\n<div class=\"itemFullText\">\n<p>Recibi\u00f3 las donaciones la tesorera de la instituci\u00f3n, Nidia Vildoso. Cabe recordar que esta Biblioteca fue fundada el 6 de marzo de 1993, y est\u00e1 ubicada en calle Agust\u00edn G\u00f3mez s\/n, entre Tucum\u00e1n y General Acha, plaza Almirante Brown, Trinidad. Actualmente se encuentra conducida por Patricia Pinto.<\/p>\n<p>La atenci\u00f3n al p\u00fablico es de Lunes a Viernes, de 10 a 16 horas.<\/p>\n<p><img loading=\"lazy\" decoding=\"async\" class=\"alignnone size-full wp-image-51316\" src=\"https:\/\/vocesparalelas.com.ar\/sitio\/wp-content\/uploads\/2022\/08\/cdsj-libros-03.jpg\" alt=\"\" width=\"800\" height=\"487\" srcset=\"https:\/\/vocesparalelas.com.ar\/sitio\/wp-content\/uploads\/2022\/08\/cdsj-libros-03.jpg 800w, https:\/\/vocesparalelas.com.ar\/sitio\/wp-content\/uploads\/2022\/08\/cdsj-libros-03-300x183.jpg 300w, https:\/\/vocesparalelas.com.ar\/sitio\/wp-content\/uploads\/2022\/08\/cdsj-libros-03-768x468.jpg 768w\" sizes=\"auto, (max-width: 800px) 100vw, 800px\" \/><\/p>\n<p>Publicado el Mi\u00e9rcoles, 03\u00a0 de Agosto de 2022<\/p>\n<\/div>\n","protected":false},"excerpt":{"rendered":"<p>En representaci\u00f3n de la C\u00e1mara de Diputados de San Juan, el legislador Rub\u00e9n Carri\u00f3n otorg\u00f3 a la Biblioteca Popular y<\/p>\n","protected":false},"author":3,"featured_media":51313,"comment_status":"closed","ping_status":"closed","sticky":false,"template":"","format":"standard","meta":{"_acf_changed":false,"_seopress_robots_primary_cat":"none","_seopress_titles_title":"","_seopress_titles_desc":"","_seopress_robots_index":"","colormag_page_container_layout":"default_layout","colormag_page_sidebar_layout":"default_layout","footnotes":""},"categories":[1],"tags":[],"class_list":["post-51311","post","type-post","status-publish","format-standard","has-post-thumbnail","hentry","category-destacadas"],"acf":[],"_links":{"self":[{"href":"https:\/\/vocesparalelas.com.ar\/sitio\/wp-json\/wp\/v2\/posts\/51311","targetHints":{"allow":["GET"]}}],"collection":[{"href":"https:\/\/vocesparalelas.com.ar\/sitio\/wp-json\/wp\/v2\/posts"}],"about":[{"href":"https:\/\/vocesparalelas.com.ar\/sitio\/wp-json\/wp\/v2\/types\/post"}],"author":[{"embeddable":true,"href":"https:\/\/vocesparalelas.com.ar\/sitio\/wp-json\/wp\/v2\/users\/3"}],"replies":[{"embeddable":true,"href":"https:\/\/vocesparalelas.com.ar\/sitio\/wp-json\/wp\/v2\/comments?post=51311"}],"version-history":[{"count":3,"href":"https:\/\/vocesparalelas.com.ar\/sitio\/wp-json\/wp\/v2\/posts\/51311\/revisions"}],"predecessor-version":[{"id":51317,"href":"https:\/\/vocesparalelas.com.ar\/sitio\/wp-json\/wp\/v2\/posts\/51311\/revisions\/51317"}],"wp:featuredmedia":[{"embeddable":true,"href":"https:\/\/vocesparalelas.com.ar\/sitio\/wp-json\/wp\/v2\/media\/51313"}],"wp:attachment":[{"href":"https:\/\/vocesparalelas.com.ar\/sitio\/wp-json\/wp\/v2\/media?parent=51311"}],"wp:term":[{"taxonomy":"category","embeddable":true,"href":"https:\/\/vocesparalelas.com.ar\/sitio\/wp-json\/wp\/v2\/categories?post=51311"},{"taxonomy":"post_tag","embeddable":true,"href":"https:\/\/vocesparalelas.com.ar\/sitio\/wp-json\/wp\/v2\/tags?post=51311"}],"curies":[{"name":"wp","href":"https:\/\/api.w.org\/{rel}","templated":true}]}}