{"id":51303,"date":"2022-08-03T23:55:20","date_gmt":"2022-08-04T02:55:20","guid":{"rendered":"https:\/\/vocesparalelas.com.ar\/sitio\/?p=51303"},"modified":"2022-08-03T23:55:20","modified_gmt":"2022-08-04T02:55:20","slug":"reconocimiento-a-la-autora-carola-ochoa-del-libro-los-desaparecidos-en-el-rugby-de-san-juan","status":"publish","type":"post","link":"https:\/\/vocesparalelas.com.ar\/sitio\/reconocimiento-a-la-autora-carola-ochoa-del-libro-los-desaparecidos-en-el-rugby-de-san-juan\/","title":{"rendered":"Reconocimiento a la autora Carola Ochoa del libro \u201cLos Desaparecidos en el Rugby\u201d de San Juan"},"content":{"rendered":"<div class=\"itemFullText jbintrotext\">\n<p>El vicegobernador CPN Roberto Gattoni recibi\u00f3 a Carola Ochoa, autora del libro \u201cLos Desaparecidos en el Rugby\u201d, para otorgarle una copia de la resoluci\u00f3n de la C\u00e1mara de Diputados la cual declara de inter\u00e9s \u201ceducativo, social y cultural\u201d la edici\u00f3n de la publicaci\u00f3n antes mencionada.<\/p>\n<\/div>\n<div class=\"itemFullText\">\n<p>La cita fue cumplida en la sala de situaci\u00f3n de presidencia ubicada en el cuarto piso del edificio Anexo. Acompa\u00f1\u00f3 en la ocasi\u00f3n el secretario Legislativo, Nicol\u00e1s Alvo; los legisladores Horacio Quiroga y Carlos Platero y la diputada Florencia Pe\u00f1aloza. Tambi\u00e9n estuvo presente el exjugador de rugby y miembro de la Uni\u00f3n Sanjuanina de Rugby, Daniel Castro y Estela Casanovas, militante de Derechos Humanos que acompa\u00f1a a Carola Ochoa.<\/p>\n<p>Durante el encuentro, el titular del Poder Legislativo expres\u00f3 \u201cqueremos agradecer tu presencia en la ma\u00f1ana de hoy, tambi\u00e9n por habernos acompa\u00f1ado en la octava sesi\u00f3n cuando declaramos de inter\u00e9s el libro\u201d.<\/p>\n<p>Seguidamente se\u00f1al\u00f3 \u201cel compromiso que tiene la C\u00e1mara como mantener vigente permanentemente la lucha por los derechos humanos, la diversidad de pensamiento, el respeto mutuo por las distintas formas de pensamiento y fundamentalmente por sostener el sistema democr\u00e1tico como \u00fanica manera posible de gobierno. En este sentido creemos que en el ejercicio de la memoria contribuye legislativamente a buscar la verdad y la justicia. Todos tenemos este compromiso. Nosotros entendemos que la reivindicaci\u00f3n de los derechos humanos no pertenece a la pol\u00edtica de ning\u00fan partido, por eso est\u00e1n diputados de diferentes colores pol\u00edticos\u201d.<\/p>\n<p>Luego record\u00f3 \u201chace m\u00e1s de un mes aproximadamente llevamos adelante un seminario organizado junto con la Fundaci\u00f3n Ana Frank que ten\u00eda que ver tambi\u00e9n con poner en valor la memoria del Holocausto, luchar contra la banalizaci\u00f3n de este hecho, recuperar la memoria y combatir cualquier discurso de odio. Entendemos que no ejercer la memoria es seguro un caldo de cultivo para que aparezcan algunos intentos de desestabilizar la democracia. Del mismo modo que les dec\u00eda que la lucha por los derechos humanos no pertenece a un sector de la pol\u00edtica y a un sector social, es responsabilidad y obligaci\u00f3n de todos\u201d.<\/p>\n<p>\u201cLa mirada que ha tenido en el libro rompe con toda la mirada de estigmatizar clases o sectores sociales involucrados. Tambi\u00e9n ayuda a entender que las consecuencias de la dictadura afectaron a todos los espacios y a toda la sociedad en su conjunto m\u00e1s all\u00e1 del lugar que cada uno ocupaba\u201d manifest\u00f3 el vicegobernador.<\/p>\n<p>Por su parte, Carola Ochoa agradeci\u00f3 el recibimiento y tambi\u00e9n a todos los que colaboraron con su investigaci\u00f3n para hacer posible esta publicaci\u00f3n.<\/p>\n<p>A su turno, el diputado Horacio Quiroga dijo que \u201cquienes estamos comprometidos desde la militancia hist\u00f3rica de la conciencia c\u00edvica, a\u00fan en los matices que nos pueden diferenciar, est\u00e1 clar\u00edsimo que en San Juan hay pol\u00edtica de Estado sobre los derechos humanos y est\u00e1 clar\u00edsimo que hay compromiso pol\u00edtico. Quiero compartir tambi\u00e9n con ustedes el profundo orgullo y tranquilidad que nos da a todos saber que en el territorio hay compa\u00f1eras como quienes est\u00e1n presente hoy aqu\u00ed, que a puro coraz\u00f3n, con la convicci\u00f3n y de una manera ejemplar, autodidactica, autogestiva, muy sana, muy honesta, sin especulaciones, nos puede regalar un testimonio hist\u00f3rico de esta manera. Me siento orgulloso de poder compartir con los compa\u00f1eros y compa\u00f1eras legislativas y la verdad que afortunado porque son momentos que vamos construyendo democracia y un horizonte de ciudadan\u00eda\u00a0 comprometida con la Rep\u00fablica. Mientras tengamos desde la base este tipo de esfuerzo noble, con calidad de trabajo y seriedad, creo que las tareas pol\u00edticas de conducir las cuestiones del Estado se facilitan porque nos vamos nutriendo permanentemente, no solamente de nuestra mirada sino tambi\u00e9n de este tipo de ejemplo\u201d.<\/p>\n<p>A continuaci\u00f3n, la legisladora Dra. Florencia Pe\u00f1aloza sostuvo que \u201cCarola tiene que estar orgullosa del trabajo que ha hecho pasito a pasito, kil\u00f3metro por kil\u00f3metro recorrido y que me consta, para lograr esto que no es solo un libro y un reconocimiento, esto es parte de la historia. Realmente tiene que sentirse orgullosa que va ser parte de la historia como quien fue capaz de hacer este aporte, este regalo a nuestros adolescentes, a nuestros ni\u00f1os, a nuestro futuro. Felicitaciones y ponemos en valor estas iniciativas, pero por la fuerza de trabajo, el seguir a pesar de todos los obst\u00e1culos encontrados en el camino, eso es digno de reconocer. Este es un pedacito de una investigaci\u00f3n gigante que has hecho, esperamos que contin\u00faes plasmando en libros todo lo recorrido\u201d.<\/p>\n<p>Por \u00faltimo, el diputado Carlos Platero felicit\u00f3 a la autora y expres\u00f3 \u201cestoy orgulloso por este libro, tuve la oportunidad de leerlo. Siempre que vamos en la C\u00e1mara a declarar de inter\u00e9s un libro, hay que leerlo bien, ver la redacci\u00f3n, un mont\u00f3n de aspectos, y ha sido excelente todo el trabajo. El libro tiene un aporte valioso\u201d.<\/p>\n<p>La actividad finaliz\u00f3 con la entrega de la copia de resoluci\u00f3n a la autora del libro destacado.<\/p>\n<\/div>\n<div class=\"clear\">Publicado el Mi\u00e9rcoles, 03 de Agosto de 2022<\/div>\n","protected":false},"excerpt":{"rendered":"<p>El vicegobernador CPN Roberto Gattoni recibi\u00f3 a Carola Ochoa, autora del libro \u201cLos Desaparecidos en el Rugby\u201d, para otorgarle una<\/p>\n","protected":false},"author":3,"featured_media":51305,"comment_status":"closed","ping_status":"closed","sticky":false,"template":"","format":"standard","meta":{"_acf_changed":false,"_seopress_robots_primary_cat":"none","_seopress_titles_title":"","_seopress_titles_desc":"","_seopress_robots_index":"","colormag_page_container_layout":"default_layout","colormag_page_sidebar_layout":"default_layout","footnotes":""},"categories":[1],"tags":[],"class_list":["post-51303","post","type-post","status-publish","format-standard","has-post-thumbnail","hentry","category-destacadas"],"acf":[],"_links":{"self":[{"href":"https:\/\/vocesparalelas.com.ar\/sitio\/wp-json\/wp\/v2\/posts\/51303","targetHints":{"allow":["GET"]}}],"collection":[{"href":"https:\/\/vocesparalelas.com.ar\/sitio\/wp-json\/wp\/v2\/posts"}],"about":[{"href":"https:\/\/vocesparalelas.com.ar\/sitio\/wp-json\/wp\/v2\/types\/post"}],"author":[{"embeddable":true,"href":"https:\/\/vocesparalelas.com.ar\/sitio\/wp-json\/wp\/v2\/users\/3"}],"replies":[{"embeddable":true,"href":"https:\/\/vocesparalelas.com.ar\/sitio\/wp-json\/wp\/v2\/comments?post=51303"}],"version-history":[{"count":1,"href":"https:\/\/vocesparalelas.com.ar\/sitio\/wp-json\/wp\/v2\/posts\/51303\/revisions"}],"predecessor-version":[{"id":51306,"href":"https:\/\/vocesparalelas.com.ar\/sitio\/wp-json\/wp\/v2\/posts\/51303\/revisions\/51306"}],"wp:featuredmedia":[{"embeddable":true,"href":"https:\/\/vocesparalelas.com.ar\/sitio\/wp-json\/wp\/v2\/media\/51305"}],"wp:attachment":[{"href":"https:\/\/vocesparalelas.com.ar\/sitio\/wp-json\/wp\/v2\/media?parent=51303"}],"wp:term":[{"taxonomy":"category","embeddable":true,"href":"https:\/\/vocesparalelas.com.ar\/sitio\/wp-json\/wp\/v2\/categories?post=51303"},{"taxonomy":"post_tag","embeddable":true,"href":"https:\/\/vocesparalelas.com.ar\/sitio\/wp-json\/wp\/v2\/tags?post=51303"}],"curies":[{"name":"wp","href":"https:\/\/api.w.org\/{rel}","templated":true}]}}