{"id":51271,"date":"2022-08-01T22:43:32","date_gmt":"2022-08-02T01:43:32","guid":{"rendered":"https:\/\/vocesparalelas.com.ar\/sitio\/?p=51271"},"modified":"2022-08-04T01:10:29","modified_gmt":"2022-08-04T04:10:29","slug":"entrega-del-titulo-doctor-honoris-causa-de-la-unsj-a-eduardo-penafort","status":"publish","type":"post","link":"https:\/\/vocesparalelas.com.ar\/sitio\/entrega-del-titulo-doctor-honoris-causa-de-la-unsj-a-eduardo-penafort\/","title":{"rendered":"Entrega del t\u00edtulo Doctor Honoris Causa de la UNSJ a Eduardo Pe\u00f1afort"},"content":{"rendered":"<p>El Mi\u00e9rcoles, 3 de Agosto de 2022 a las 11 hs.; en el hall del Edificio Central de la UNSJ, Mitre y Jujuy, se concreta la entrega del t\u00edtulo de Doctor Honoris Causa de la Universidad Nacional de San Juan a Eduardo Pe\u00f1afort.<\/p>\n<p>Es un reconocimiento luego de una intensa y amplia tarea en el campo de la docencia cuyo recorrido comenz\u00f3 en Mendoza, en instituciones de educaci\u00f3n primarias y secundarias, y se consolid\u00f3, ya como profesor universitario, en San Juan, en el seno de la UNSJ, en contexto de dictadura c\u00edvico militar.<\/p>\n<p>El acto es transmitido en vivo por canal Xama, en el 33.1 de la TDA, canal 18 IO Total, <a href=\"http:\/\/www.xama.tv\">www.xama.tv<\/a> y por Facebook \u00abXama Se\u00f1al UNSJ\u00bb.<\/p>\n<p><strong><span style=\"color: #339966;\">Leer m\u00e1s en\u00a0<\/span><\/strong><\/p>\n<p><a href=\"http:\/\/www.revista.unsj.edu.ar\/\" target=\"_blank\" rel=\"noopener\">www.revista.unsj.edu.ar\u00a0<\/a><\/p>\n<p><img loading=\"lazy\" decoding=\"async\" class=\"alignnone size-full wp-image-37900\" src=\"https:\/\/vocesparalelas.com.ar\/sitio\/wp-content\/uploads\/2021\/05\/UNSJ-LOGOTIPO-01.jpg\" alt=\"\" width=\"800\" height=\"533\" srcset=\"https:\/\/vocesparalelas.com.ar\/sitio\/wp-content\/uploads\/2021\/05\/UNSJ-LOGOTIPO-01.jpg 800w, https:\/\/vocesparalelas.com.ar\/sitio\/wp-content\/uploads\/2021\/05\/UNSJ-LOGOTIPO-01-300x200.jpg 300w, https:\/\/vocesparalelas.com.ar\/sitio\/wp-content\/uploads\/2021\/05\/UNSJ-LOGOTIPO-01-768x512.jpg 768w\" sizes=\"auto, (max-width: 800px) 100vw, 800px\" \/><\/p>\n<p>Publicado el Martes, 02 de Agosto de 2022<\/p>\n<p>&nbsp;<\/p>\n","protected":false},"excerpt":{"rendered":"<p>El Mi\u00e9rcoles, 3 de Agosto de 2022 a las 11 hs.; en el hall del Edificio Central de la UNSJ,<\/p>\n","protected":false},"author":3,"featured_media":51273,"comment_status":"closed","ping_status":"closed","sticky":false,"template":"","format":"standard","meta":{"_acf_changed":false,"_seopress_robots_primary_cat":"none","_seopress_titles_title":"","_seopress_titles_desc":"","_seopress_robots_index":"","colormag_page_container_layout":"default_layout","colormag_page_sidebar_layout":"default_layout","footnotes":""},"categories":[1],"tags":[],"class_list":["post-51271","post","type-post","status-publish","format-standard","has-post-thumbnail","hentry","category-destacadas"],"acf":[],"_links":{"self":[{"href":"https:\/\/vocesparalelas.com.ar\/sitio\/wp-json\/wp\/v2\/posts\/51271","targetHints":{"allow":["GET"]}}],"collection":[{"href":"https:\/\/vocesparalelas.com.ar\/sitio\/wp-json\/wp\/v2\/posts"}],"about":[{"href":"https:\/\/vocesparalelas.com.ar\/sitio\/wp-json\/wp\/v2\/types\/post"}],"author":[{"embeddable":true,"href":"https:\/\/vocesparalelas.com.ar\/sitio\/wp-json\/wp\/v2\/users\/3"}],"replies":[{"embeddable":true,"href":"https:\/\/vocesparalelas.com.ar\/sitio\/wp-json\/wp\/v2\/comments?post=51271"}],"version-history":[{"count":1,"href":"https:\/\/vocesparalelas.com.ar\/sitio\/wp-json\/wp\/v2\/posts\/51271\/revisions"}],"predecessor-version":[{"id":51274,"href":"https:\/\/vocesparalelas.com.ar\/sitio\/wp-json\/wp\/v2\/posts\/51271\/revisions\/51274"}],"wp:featuredmedia":[{"embeddable":true,"href":"https:\/\/vocesparalelas.com.ar\/sitio\/wp-json\/wp\/v2\/media\/51273"}],"wp:attachment":[{"href":"https:\/\/vocesparalelas.com.ar\/sitio\/wp-json\/wp\/v2\/media?parent=51271"}],"wp:term":[{"taxonomy":"category","embeddable":true,"href":"https:\/\/vocesparalelas.com.ar\/sitio\/wp-json\/wp\/v2\/categories?post=51271"},{"taxonomy":"post_tag","embeddable":true,"href":"https:\/\/vocesparalelas.com.ar\/sitio\/wp-json\/wp\/v2\/tags?post=51271"}],"curies":[{"name":"wp","href":"https:\/\/api.w.org\/{rel}","templated":true}]}}