{"id":51260,"date":"2022-08-02T21:14:00","date_gmt":"2022-08-03T00:14:00","guid":{"rendered":"https:\/\/vocesparalelas.com.ar\/sitio\/?p=51260"},"modified":"2022-08-04T23:31:11","modified_gmt":"2022-08-05T02:31:11","slug":"vacunacion-contra-el-covid-19-para-la-franja-etaria-de-6-meses-a-3-anos","status":"publish","type":"post","link":"https:\/\/vocesparalelas.com.ar\/sitio\/vacunacion-contra-el-covid-19-para-la-franja-etaria-de-6-meses-a-3-anos\/","title":{"rendered":"Vacunaci\u00f3n contra el COVID-19 para la franja etaria de 6 meses a 3 a\u00f1os"},"content":{"rendered":"<div class=\"itemFullText\">\n<p>El Ministerio de Salud P\u00fablica del\u00a0 Gobierno de San Juan comienza a vacunar contra el COVID-19 para iniciar esquema entre 6 meses y 2 a\u00f1os 11 meses y 29 d\u00edas, segmento que a\u00fan no ha recibido la inmunizaci\u00f3n contra el coronavirus.<\/p>\n<p>La vacunaci\u00f3n para esta franja etaria comienza el Mi\u00e9rcoles, 3 de Agosto. Se estima que alrededor de 27.783 ni\u00f1os est\u00e1n en condiciones de iniciar su esquema de vacunaci\u00f3n.<\/p>\n<p>Sumado a este nuevo grupo a inmunizar se aplica el refuerzo a los ni\u00f1os de 3 y 4 a\u00f1os que ya hab\u00edan comenzado su esquema de vacunaci\u00f3n, siempre que hayan pasado 4 meses desde la aplicaci\u00f3n de la primera dosis.<\/p>\n<p>Desde la cartera sanitaria solicitan a los padres que inmunicen a sus hijos, teniendo en cuenta que un alto porcentaje de poblaci\u00f3n con cobertura desde los seis meses de edad, disminuye la posibilidad de contraer el virus y reduce las posibilidades de hospitalizaciones y muertes.<\/p>\n<p>Asimismo, se destaca la importancia de la vacunaci\u00f3n, atento a la vulnerabilidad a la que se encuentran expuestos al no haber sido vacunados como el resto de la poblaci\u00f3n y ser un veh\u00edculo de transmisi\u00f3n del virus.<\/p>\n<p>La vacunaci\u00f3n contra el COVID-19 en ni\u00f1os de 6 meses a 3 a\u00f1os se aplican con vacunas del laboratorio Moderna, y cuenta con la recomendaci\u00f3n de la Administraci\u00f3n Nacional de Medicamentos, Alimentos y Tecnolog\u00eda M\u00e9dica &#8211; ANMAT &#8211; y de la Comisi\u00f3n Nacional de Inmunizaciones &#8211; CoNaIn.<\/p>\n<p>Adem\u00e1s, se ha trabajado con las distintas sociedades cient\u00edficas y especialmente con la Sociedad Argentina de Pediatr\u00eda (SAP) para la difusi\u00f3n de la informaci\u00f3n fehaciente a los pediatras sobre la vacunaci\u00f3n.<\/p>\n<p>Las autoridades del Ministerio de Salud de la Naci\u00f3n garantizaron a los ministros de las 24 jurisdicciones sobre la inmunogenicidad, efectividad y seguridad de la vacuna de plataforma ARN del laboratorio Moderna.<\/p>\n<\/div>\n<div class=\"clr\"><\/div>\n<div class=\"itemContentFooter\"><span class=\"itemDateModified\">Publicado el Martes, 02 de Agosto de 2022<\/span><\/div>\n<div><\/div>\n<div><\/div>\n","protected":false},"excerpt":{"rendered":"<p>El Ministerio de Salud P\u00fablica del\u00a0 Gobierno de San Juan comienza a vacunar contra el COVID-19 para iniciar esquema entre<\/p>\n","protected":false},"author":3,"featured_media":51262,"comment_status":"closed","ping_status":"closed","sticky":false,"template":"","format":"standard","meta":{"_acf_changed":false,"_seopress_robots_primary_cat":"none","_seopress_titles_title":"","_seopress_titles_desc":"","_seopress_robots_index":"","colormag_page_container_layout":"default_layout","colormag_page_sidebar_layout":"default_layout","footnotes":""},"categories":[6],"tags":[],"class_list":["post-51260","post","type-post","status-publish","format-standard","has-post-thumbnail","hentry","category-eventos"],"acf":[],"_links":{"self":[{"href":"https:\/\/vocesparalelas.com.ar\/sitio\/wp-json\/wp\/v2\/posts\/51260","targetHints":{"allow":["GET"]}}],"collection":[{"href":"https:\/\/vocesparalelas.com.ar\/sitio\/wp-json\/wp\/v2\/posts"}],"about":[{"href":"https:\/\/vocesparalelas.com.ar\/sitio\/wp-json\/wp\/v2\/types\/post"}],"author":[{"embeddable":true,"href":"https:\/\/vocesparalelas.com.ar\/sitio\/wp-json\/wp\/v2\/users\/3"}],"replies":[{"embeddable":true,"href":"https:\/\/vocesparalelas.com.ar\/sitio\/wp-json\/wp\/v2\/comments?post=51260"}],"version-history":[{"count":1,"href":"https:\/\/vocesparalelas.com.ar\/sitio\/wp-json\/wp\/v2\/posts\/51260\/revisions"}],"predecessor-version":[{"id":51263,"href":"https:\/\/vocesparalelas.com.ar\/sitio\/wp-json\/wp\/v2\/posts\/51260\/revisions\/51263"}],"wp:featuredmedia":[{"embeddable":true,"href":"https:\/\/vocesparalelas.com.ar\/sitio\/wp-json\/wp\/v2\/media\/51262"}],"wp:attachment":[{"href":"https:\/\/vocesparalelas.com.ar\/sitio\/wp-json\/wp\/v2\/media?parent=51260"}],"wp:term":[{"taxonomy":"category","embeddable":true,"href":"https:\/\/vocesparalelas.com.ar\/sitio\/wp-json\/wp\/v2\/categories?post=51260"},{"taxonomy":"post_tag","embeddable":true,"href":"https:\/\/vocesparalelas.com.ar\/sitio\/wp-json\/wp\/v2\/tags?post=51260"}],"curies":[{"name":"wp","href":"https:\/\/api.w.org\/{rel}","templated":true}]}}