{"id":51235,"date":"2022-08-01T21:35:29","date_gmt":"2022-08-02T00:35:29","guid":{"rendered":"https:\/\/vocesparalelas.com.ar\/sitio\/?p=51235"},"modified":"2022-08-02T01:35:48","modified_gmt":"2022-08-02T04:35:48","slug":"siete-funcionarios-de-distintas-areas-de-salud-publica-de-san-juan","status":"publish","type":"post","link":"https:\/\/vocesparalelas.com.ar\/sitio\/siete-funcionarios-de-distintas-areas-de-salud-publica-de-san-juan\/","title":{"rendered":"Siete funcionarios de distintas \u00e1reas de Salud P\u00fablica de San Juan"},"content":{"rendered":"<div class=\"itemFullText\">\n<p>El lunes, 01 de Agosto, en la sala de conferencias del tercer piso del Centro C\u00edvico, la Ministro de Salud P\u00fablica del Gobierno de San Juan, Dra. Alejandra Venerando hizo entrega de la norma legal respectiva a quienes cumplir\u00e1n funciones en la Secretar\u00eda T\u00e9cnica, Zona Sanitaria II y Centros de Salud.<\/p>\n<p>Se trata del nuevo secretario T\u00e9cnico, Dr. Juan Pablo Pacheco, del coordinador M\u00e9dico del CEMEC, Dr. Isidro Putelli, el nuevo jefe de la Zona Sanitaria II, Dr. Diego Olivares, la nueva directora del Centro de Adiestramiento Ren\u00e9 Favaloro, Dr. Lidia Alonso, el nuevo director del Centro de Salud de Capital \u201cAlfonso Barrasi\u201d, Dr. Rub\u00e9n Fraifer, la directora del Centro de Salud de 9 de Julio \u201cArturo de la Colina\u201d, Dra. Adriana Peralta y la nueva directora del Centro de Salud \u201cLas Margaritas\u201d Dra. Helia Pereyra.<\/p>\n<p><img loading=\"lazy\" decoding=\"async\" class=\"alignnone size-full wp-image-51238\" src=\"https:\/\/vocesparalelas.com.ar\/sitio\/wp-content\/uploads\/2022\/08\/SALUD-AUTORIDADES-01.jpg\" alt=\"\" width=\"800\" height=\"534\" srcset=\"https:\/\/vocesparalelas.com.ar\/sitio\/wp-content\/uploads\/2022\/08\/SALUD-AUTORIDADES-01.jpg 800w, https:\/\/vocesparalelas.com.ar\/sitio\/wp-content\/uploads\/2022\/08\/SALUD-AUTORIDADES-01-300x200.jpg 300w, https:\/\/vocesparalelas.com.ar\/sitio\/wp-content\/uploads\/2022\/08\/SALUD-AUTORIDADES-01-768x513.jpg 768w\" sizes=\"auto, (max-width: 800px) 100vw, 800px\" \/><\/p>\n<p>Por ello, la Ministro de Salud P\u00fablica del Gobierno de San Juan, Dra. Alejandra Venerando dio la bienvenida a las nuevas autoridades y mencion\u00f3 \u201ciniciar este lunes con la puesta de funci\u00f3n del nuevo equipo de Salud del Ministerio es una manera de comenzar una renovaci\u00f3n dentro de nuestra instituci\u00f3n\u201d.<\/p>\n<p>Seguidamente, reconoci\u00f3 a funcionarios salientes y dijo \u201cquiero agradecer profundamente a quienes me acompa\u00f1aron este tiempo de gesti\u00f3n. Hoy algunos cambian de funci\u00f3n pero esto no significa que se van del equipo de Salud sino que, cumplir\u00e1n una funci\u00f3n diferente dentro del Sistema. Es por eso que, quiero destacar desde me lugar, su idoneidad, responsabilidad, humildad y todo el aporte que han realizado al Ministerio de Salud durante este tiempo\u201d.<\/p>\n<p>Finalmente, agradeci\u00f3 a los nuevos funcionarios por aceptar cumplir las funciones: \u201cLa conducci\u00f3n dentro del Sistema de Salud es un nuevo desaf\u00edo. S\u00e9 del compromiso y responsabilidad de cada uno de ustedes, dentro de su trayectoria han dejado una huella y espero que en esta nueva funci\u00f3n puedan seguir creciendo. Continuaremos trabajando en proyectos, ideas y metas con m\u00e1s fuerza que nunca. Nuestro objetivo principal es cuidar la salud de todos y todas las sanjuaninas, priorizando al paciente y al equipo de salud. Seguiremos trabajando para brindar calidad, accesibilidad y equidad en materia de salud de nuestra provincia\u00bb.<\/p>\n<p>Acompa\u00f1aron en el acto de asunci\u00f3n, el secretario Coordinaci\u00f3n Administrativa Financiera, Lic. Guillermo Benelbaz; la secretaria de Planificaci\u00f3n, Dra. Alina Almaz\u00e1n y el subsecretario de Medicina Preventiva, Dr. Mat\u00edas Espejo, directores, jefes de zonas sanitarias, Direcciones y Divisiones, entre otras autoridades.<\/p>\n<\/div>\n<div class=\"clr\"><\/div>\n<div class=\"itemContentFooter\"><span class=\"itemDateModified\">Publicado el Lunes, 01 de Agosto de 2022\u00a0<\/span><\/div>\n","protected":false},"excerpt":{"rendered":"<p>El lunes, 01 de Agosto, en la sala de conferencias del tercer piso del Centro C\u00edvico, la Ministro de Salud<\/p>\n","protected":false},"author":3,"featured_media":51237,"comment_status":"closed","ping_status":"closed","sticky":false,"template":"","format":"standard","meta":{"_acf_changed":false,"_seopress_robots_primary_cat":"none","_seopress_titles_title":"","_seopress_titles_desc":"","_seopress_robots_index":"","colormag_page_container_layout":"default_layout","colormag_page_sidebar_layout":"default_layout","footnotes":""},"categories":[1],"tags":[],"class_list":["post-51235","post","type-post","status-publish","format-standard","has-post-thumbnail","hentry","category-destacadas"],"acf":[],"_links":{"self":[{"href":"https:\/\/vocesparalelas.com.ar\/sitio\/wp-json\/wp\/v2\/posts\/51235","targetHints":{"allow":["GET"]}}],"collection":[{"href":"https:\/\/vocesparalelas.com.ar\/sitio\/wp-json\/wp\/v2\/posts"}],"about":[{"href":"https:\/\/vocesparalelas.com.ar\/sitio\/wp-json\/wp\/v2\/types\/post"}],"author":[{"embeddable":true,"href":"https:\/\/vocesparalelas.com.ar\/sitio\/wp-json\/wp\/v2\/users\/3"}],"replies":[{"embeddable":true,"href":"https:\/\/vocesparalelas.com.ar\/sitio\/wp-json\/wp\/v2\/comments?post=51235"}],"version-history":[{"count":1,"href":"https:\/\/vocesparalelas.com.ar\/sitio\/wp-json\/wp\/v2\/posts\/51235\/revisions"}],"predecessor-version":[{"id":51239,"href":"https:\/\/vocesparalelas.com.ar\/sitio\/wp-json\/wp\/v2\/posts\/51235\/revisions\/51239"}],"wp:featuredmedia":[{"embeddable":true,"href":"https:\/\/vocesparalelas.com.ar\/sitio\/wp-json\/wp\/v2\/media\/51237"}],"wp:attachment":[{"href":"https:\/\/vocesparalelas.com.ar\/sitio\/wp-json\/wp\/v2\/media?parent=51235"}],"wp:term":[{"taxonomy":"category","embeddable":true,"href":"https:\/\/vocesparalelas.com.ar\/sitio\/wp-json\/wp\/v2\/categories?post=51235"},{"taxonomy":"post_tag","embeddable":true,"href":"https:\/\/vocesparalelas.com.ar\/sitio\/wp-json\/wp\/v2\/tags?post=51235"}],"curies":[{"name":"wp","href":"https:\/\/api.w.org\/{rel}","templated":true}]}}