{"id":51214,"date":"2022-08-01T23:39:09","date_gmt":"2022-08-02T02:39:09","guid":{"rendered":"https:\/\/vocesparalelas.com.ar\/sitio\/?p=51214"},"modified":"2022-08-02T00:00:56","modified_gmt":"2022-08-02T03:00:56","slug":"el-aporte-del-fo-de-re-contribuye-a-la-obra-publica-para-lograr-un-rivadavia-futura","status":"publish","type":"post","link":"https:\/\/vocesparalelas.com.ar\/sitio\/el-aporte-del-fo-de-re-contribuye-a-la-obra-publica-para-lograr-un-rivadavia-futura\/","title":{"rendered":"\u00abEl aporte del FO. DE. RE contribuye a la obra p\u00fablica para lograr un Rivadavia Futura\u00bb"},"content":{"rendered":"<p>La Municipalidad de Rivadavia reemplazar\u00e1 luminarias actuales por iluminaci\u00f3n LED en distintas zonas y recibi\u00f3 el\u00a0Monto de $58.590.197,08 que el Gobierno de San Juan le entreg\u00f3 del Fondo de Desarrollo Regional -FO. DE. RE &#8211; 2022.<\/p>\n<p>Por ello, Voces Paralelas entrevist\u00f3 al Intendente de la Municipalidad de Rivadavia, Dr. Fabi\u00e1n Mart\u00edn, quien destac\u00f3 el momento de felicidad y agradecido porque el dinero recibido permitir\u00e1 mejorar las obras p\u00fablicas del Departamento.<\/p>\n<p><iframe loading=\"lazy\" title=\"DR FABI\u00c1N MART\u00cdN\" width=\"800\" height=\"450\" src=\"https:\/\/www.youtube.com\/embed\/IDrhvaYABbw?feature=oembed\" frameborder=\"0\" allow=\"accelerometer; autoplay; clipboard-write; encrypted-media; gyroscope; picture-in-picture\" allowfullscreen><\/iframe><\/p>\n<p><img loading=\"lazy\" decoding=\"async\" class=\"alignnone size-full wp-image-51210\" src=\"https:\/\/vocesparalelas.com.ar\/sitio\/wp-content\/uploads\/2022\/08\/FONDO-SAN-JUAN-02.jpg\" alt=\"\" width=\"800\" height=\"472\" srcset=\"https:\/\/vocesparalelas.com.ar\/sitio\/wp-content\/uploads\/2022\/08\/FONDO-SAN-JUAN-02.jpg 800w, https:\/\/vocesparalelas.com.ar\/sitio\/wp-content\/uploads\/2022\/08\/FONDO-SAN-JUAN-02-300x177.jpg 300w, https:\/\/vocesparalelas.com.ar\/sitio\/wp-content\/uploads\/2022\/08\/FONDO-SAN-JUAN-02-768x453.jpg 768w\" sizes=\"auto, (max-width: 800px) 100vw, 800px\" \/><\/p>\n<p>&nbsp;<\/p>\n<p>&nbsp;<\/p>\n<p><iframe loading=\"lazy\" title=\"FO.DE. RE. SAN JUAN\" width=\"800\" height=\"450\" src=\"https:\/\/www.youtube.com\/embed\/6QMpu3ANtNA?feature=oembed\" frameborder=\"0\" allow=\"accelerometer; autoplay; clipboard-write; encrypted-media; gyroscope; picture-in-picture\" allowfullscreen><\/iframe><\/p>\n<p>&nbsp;<\/p>\n<p>Publicado el Lunes, 01 de Julio de 2022<\/p>\n","protected":false},"excerpt":{"rendered":"<p>La Municipalidad de Rivadavia reemplazar\u00e1 luminarias actuales por iluminaci\u00f3n LED en distintas zonas y recibi\u00f3 el\u00a0Monto de $58.590.197,08 que el<\/p>\n","protected":false},"author":3,"featured_media":51216,"comment_status":"closed","ping_status":"closed","sticky":false,"template":"","format":"video","meta":{"_acf_changed":false,"_seopress_robots_primary_cat":"none","_seopress_titles_title":"","_seopress_titles_desc":"","_seopress_robots_index":"","colormag_page_container_layout":"default_layout","colormag_page_sidebar_layout":"default_layout","footnotes":""},"categories":[1,7],"tags":[],"class_list":["post-51214","post","type-post","status-publish","format-video","has-post-thumbnail","hentry","category-destacadas","category-videos","post_format-post-format-video"],"acf":[],"_links":{"self":[{"href":"https:\/\/vocesparalelas.com.ar\/sitio\/wp-json\/wp\/v2\/posts\/51214","targetHints":{"allow":["GET"]}}],"collection":[{"href":"https:\/\/vocesparalelas.com.ar\/sitio\/wp-json\/wp\/v2\/posts"}],"about":[{"href":"https:\/\/vocesparalelas.com.ar\/sitio\/wp-json\/wp\/v2\/types\/post"}],"author":[{"embeddable":true,"href":"https:\/\/vocesparalelas.com.ar\/sitio\/wp-json\/wp\/v2\/users\/3"}],"replies":[{"embeddable":true,"href":"https:\/\/vocesparalelas.com.ar\/sitio\/wp-json\/wp\/v2\/comments?post=51214"}],"version-history":[{"count":3,"href":"https:\/\/vocesparalelas.com.ar\/sitio\/wp-json\/wp\/v2\/posts\/51214\/revisions"}],"predecessor-version":[{"id":51220,"href":"https:\/\/vocesparalelas.com.ar\/sitio\/wp-json\/wp\/v2\/posts\/51214\/revisions\/51220"}],"wp:featuredmedia":[{"embeddable":true,"href":"https:\/\/vocesparalelas.com.ar\/sitio\/wp-json\/wp\/v2\/media\/51216"}],"wp:attachment":[{"href":"https:\/\/vocesparalelas.com.ar\/sitio\/wp-json\/wp\/v2\/media?parent=51214"}],"wp:term":[{"taxonomy":"category","embeddable":true,"href":"https:\/\/vocesparalelas.com.ar\/sitio\/wp-json\/wp\/v2\/categories?post=51214"},{"taxonomy":"post_tag","embeddable":true,"href":"https:\/\/vocesparalelas.com.ar\/sitio\/wp-json\/wp\/v2\/tags?post=51214"}],"curies":[{"name":"wp","href":"https:\/\/api.w.org\/{rel}","templated":true}]}}