{"id":51199,"date":"2022-08-01T21:03:43","date_gmt":"2022-08-02T00:03:43","guid":{"rendered":"https:\/\/vocesparalelas.com.ar\/sitio\/?p=51199"},"modified":"2022-08-02T21:40:49","modified_gmt":"2022-08-03T00:40:49","slug":"curso-de-rcp-basico-en-rivadavia","status":"publish","type":"post","link":"https:\/\/vocesparalelas.com.ar\/sitio\/curso-de-rcp-basico-en-rivadavia\/","title":{"rendered":"Curso de RCP B\u00e1sico en Rivadavia"},"content":{"rendered":"<p>La Municipalidad de Rivadavia invita a participar del Curso de RCP B\u00e1sico, que tiene como objetivo brindar herramientas, a la comunidad, para saber c\u00f3mo actuar en caso de una emergencia y\u00a0 consta de informaci\u00f3n necesaria para socorrer en casos de electrocuci\u00f3n, convulsiones, ahogamiento y primeros auxilios.<\/p>\n<p>La reanimaci\u00f3n cardiopulmonar &#8211; RCP -,\u00a0 es una t\u00e9cnica para salvar vidas que se usa en situaciones de emergencia, cuando una persona deja de respirar o su coraz\u00f3n deja de latir.<\/p>\n<p>El curso se dicta el Mi\u00e9rcoles, 10 de Agosto, a las 18 hs, en la Uni\u00f3n Vecinal del Barrio FOEVA, E. Echeverria y Tulum.<\/p>\n<p>Los interesados pueden inscribirse el Lunes, 1; el Martes, 2 y el Mi\u00e9rcoles, 3 de Agosto, de 8 a 12 hs, en el Anexo Central de Av. Libertador 5135 (o).<\/p>\n<p><strong><span style=\"color: #339966;\">M\u00e1s informaci\u00f3n <\/span><\/strong><\/p>\n<p>WhatsApp 2646751988, de 8 a 13hs.<\/p>\n<p><img loading=\"lazy\" decoding=\"async\" class=\"alignnone size-large wp-image-42675\" src=\"https:\/\/vocesparalelas.com.ar\/sitio\/wp-content\/uploads\/2021\/10\/RIVADAVIA-LOGO-800x600.jpg\" alt=\"\" width=\"800\" height=\"600\" srcset=\"https:\/\/vocesparalelas.com.ar\/sitio\/wp-content\/uploads\/2021\/10\/RIVADAVIA-LOGO-800x600.jpg 800w, https:\/\/vocesparalelas.com.ar\/sitio\/wp-content\/uploads\/2021\/10\/RIVADAVIA-LOGO-300x225.jpg 300w, https:\/\/vocesparalelas.com.ar\/sitio\/wp-content\/uploads\/2021\/10\/RIVADAVIA-LOGO-768x576.jpg 768w, https:\/\/vocesparalelas.com.ar\/sitio\/wp-content\/uploads\/2021\/10\/RIVADAVIA-LOGO.jpg 1024w\" sizes=\"auto, (max-width: 800px) 100vw, 800px\" \/><\/p>\n<p>&nbsp;<\/p>\n<p>Publicado el Lunes, 01 de Agosto de 2022<\/p>\n","protected":false},"excerpt":{"rendered":"<p>La Municipalidad de Rivadavia invita a participar del Curso de RCP B\u00e1sico, que tiene como objetivo brindar herramientas, a la<\/p>\n","protected":false},"author":3,"featured_media":51201,"comment_status":"closed","ping_status":"closed","sticky":false,"template":"","format":"standard","meta":{"_acf_changed":false,"_seopress_robots_primary_cat":"none","_seopress_titles_title":"","_seopress_titles_desc":"","_seopress_robots_index":"","colormag_page_container_layout":"default_layout","colormag_page_sidebar_layout":"default_layout","footnotes":""},"categories":[9],"tags":[],"class_list":["post-51199","post","type-post","status-publish","format-standard","has-post-thumbnail","hentry","category-cursos"],"acf":[],"_links":{"self":[{"href":"https:\/\/vocesparalelas.com.ar\/sitio\/wp-json\/wp\/v2\/posts\/51199","targetHints":{"allow":["GET"]}}],"collection":[{"href":"https:\/\/vocesparalelas.com.ar\/sitio\/wp-json\/wp\/v2\/posts"}],"about":[{"href":"https:\/\/vocesparalelas.com.ar\/sitio\/wp-json\/wp\/v2\/types\/post"}],"author":[{"embeddable":true,"href":"https:\/\/vocesparalelas.com.ar\/sitio\/wp-json\/wp\/v2\/users\/3"}],"replies":[{"embeddable":true,"href":"https:\/\/vocesparalelas.com.ar\/sitio\/wp-json\/wp\/v2\/comments?post=51199"}],"version-history":[{"count":1,"href":"https:\/\/vocesparalelas.com.ar\/sitio\/wp-json\/wp\/v2\/posts\/51199\/revisions"}],"predecessor-version":[{"id":51202,"href":"https:\/\/vocesparalelas.com.ar\/sitio\/wp-json\/wp\/v2\/posts\/51199\/revisions\/51202"}],"wp:featuredmedia":[{"embeddable":true,"href":"https:\/\/vocesparalelas.com.ar\/sitio\/wp-json\/wp\/v2\/media\/51201"}],"wp:attachment":[{"href":"https:\/\/vocesparalelas.com.ar\/sitio\/wp-json\/wp\/v2\/media?parent=51199"}],"wp:term":[{"taxonomy":"category","embeddable":true,"href":"https:\/\/vocesparalelas.com.ar\/sitio\/wp-json\/wp\/v2\/categories?post=51199"},{"taxonomy":"post_tag","embeddable":true,"href":"https:\/\/vocesparalelas.com.ar\/sitio\/wp-json\/wp\/v2\/tags?post=51199"}],"curies":[{"name":"wp","href":"https:\/\/api.w.org\/{rel}","templated":true}]}}