{"id":51184,"date":"2022-07-30T14:21:25","date_gmt":"2022-07-30T17:21:25","guid":{"rendered":"https:\/\/vocesparalelas.com.ar\/sitio\/?p=51184"},"modified":"2022-07-30T14:27:58","modified_gmt":"2022-07-30T17:27:58","slug":"avanzan-para-tratar-diferentes-temas-relativos-a-los-equipos-de-salud-de-san-juan","status":"publish","type":"post","link":"https:\/\/vocesparalelas.com.ar\/sitio\/avanzan-para-tratar-diferentes-temas-relativos-a-los-equipos-de-salud-de-san-juan\/","title":{"rendered":"Avanzan para tratar diferentes temas relativos a los equipos de salud de San Juan"},"content":{"rendered":"<div class=\"itemFullText\">\n<p>La ministro de Salud P\u00fablica del Gobierno de San Juan, Dra. Alejandra Venerando se reuni\u00f3 con autoridades de la Asociaci\u00f3n Sindical de los Profesionales de la Salud &#8211; Asprosa &#8211; para avanzar, dialogar y trabajar de manera conjunta en las leyes 71Q y 1148Q, otros temas administrativos y la conformaci\u00f3n de una mesa intersectorial para alcanzar de manera paulatina soluciones respecto a las necesidades de los equipos de salud.<\/p>\n<p>\u201cEstas reuniones son el \u00e1mbito propicio para poder dialogar entre ambas partes; nos permiten llegar a un acuerdo y de esa manera planificar para dar respuesta de manera gradual a las necesidades planteadas por las autoridades de Asprosa, avanzando de esta manera a corto y mediano plazo\u201d, manifest\u00f3 la ministro de Salud P\u00fablica<\/p>\n<p>En la reuni\u00f3n estuvieron presentes la secretaria de Planificaci\u00f3n, Dra. Alina Almaz\u00e1n; la secretaria general de Asprosa; Lic. Victoria Trincado; secretaria gremial, Lic. Laura Reiloba y el asesor legal, Dr. Carlos Otto.<\/p>\n<\/div>\n<div class=\"clr\">Publicado el S\u00e1bado, 30 de Julio de 2022<\/div>\n","protected":false},"excerpt":{"rendered":"<p>La ministro de Salud P\u00fablica del Gobierno de San Juan, Dra. Alejandra Venerando se reuni\u00f3 con autoridades de la Asociaci\u00f3n<\/p>\n","protected":false},"author":3,"featured_media":51186,"comment_status":"closed","ping_status":"closed","sticky":false,"template":"","format":"standard","meta":{"_acf_changed":false,"_seopress_robots_primary_cat":"none","_seopress_titles_title":"","_seopress_titles_desc":"","_seopress_robots_index":"","colormag_page_container_layout":"default_layout","colormag_page_sidebar_layout":"default_layout","footnotes":""},"categories":[1],"tags":[],"class_list":["post-51184","post","type-post","status-publish","format-standard","has-post-thumbnail","hentry","category-destacadas"],"acf":[],"_links":{"self":[{"href":"https:\/\/vocesparalelas.com.ar\/sitio\/wp-json\/wp\/v2\/posts\/51184","targetHints":{"allow":["GET"]}}],"collection":[{"href":"https:\/\/vocesparalelas.com.ar\/sitio\/wp-json\/wp\/v2\/posts"}],"about":[{"href":"https:\/\/vocesparalelas.com.ar\/sitio\/wp-json\/wp\/v2\/types\/post"}],"author":[{"embeddable":true,"href":"https:\/\/vocesparalelas.com.ar\/sitio\/wp-json\/wp\/v2\/users\/3"}],"replies":[{"embeddable":true,"href":"https:\/\/vocesparalelas.com.ar\/sitio\/wp-json\/wp\/v2\/comments?post=51184"}],"version-history":[{"count":1,"href":"https:\/\/vocesparalelas.com.ar\/sitio\/wp-json\/wp\/v2\/posts\/51184\/revisions"}],"predecessor-version":[{"id":51187,"href":"https:\/\/vocesparalelas.com.ar\/sitio\/wp-json\/wp\/v2\/posts\/51184\/revisions\/51187"}],"wp:featuredmedia":[{"embeddable":true,"href":"https:\/\/vocesparalelas.com.ar\/sitio\/wp-json\/wp\/v2\/media\/51186"}],"wp:attachment":[{"href":"https:\/\/vocesparalelas.com.ar\/sitio\/wp-json\/wp\/v2\/media?parent=51184"}],"wp:term":[{"taxonomy":"category","embeddable":true,"href":"https:\/\/vocesparalelas.com.ar\/sitio\/wp-json\/wp\/v2\/categories?post=51184"},{"taxonomy":"post_tag","embeddable":true,"href":"https:\/\/vocesparalelas.com.ar\/sitio\/wp-json\/wp\/v2\/tags?post=51184"}],"curies":[{"name":"wp","href":"https:\/\/api.w.org\/{rel}","templated":true}]}}