{"id":51135,"date":"2022-07-28T23:05:12","date_gmt":"2022-07-29T02:05:12","guid":{"rendered":"https:\/\/vocesparalelas.com.ar\/sitio\/?p=51135"},"modified":"2022-07-30T13:06:16","modified_gmt":"2022-07-30T16:06:16","slug":"ii-festival-musica-san-juan-en-caucete","status":"publish","type":"post","link":"https:\/\/vocesparalelas.com.ar\/sitio\/ii-festival-musica-san-juan-en-caucete\/","title":{"rendered":"II Festival M\u00fasica San Juan en Caucete"},"content":{"rendered":"<p>Se viene otra edici\u00f3n de San Juan y su m\u00fasica esta vez con la Asociaci\u00f3n M\u00fasicas San Juan que presenta su II Festival M\u00fasica San Juan, act\u00faan solistas y bandas locales el Domingo, 31 de Julio, a partir de las 15 a 19 hs.; en el Skate Park de Caucete.<\/p>\n<p>Act\u00faan<\/p>\n<ul>\n<li>A poncho<\/li>\n<li>Luli con Marina Viera Cambell<\/li>\n<li>La Maril\u00fa<\/li>\n<li>La Llaga Tango<\/li>\n<li>Flor Tommasini<\/li>\n<li>Zonda Blues Band<\/li>\n<li>Luz Aguirre<\/li>\n<li>Conducci\u00f3n con Ricardo Soria y Liliana Ortiz<\/li>\n<li>Conversatorio \u201cLa M\u00fasica y las Industrias Culturales\u201d.<\/li>\n<\/ul>\n<p>Van a ser parte y no quieren que te quedes afuera. Preparen la canasta, las reposeras, lonitas para disfrutar una tarde imperdible. La actividad libre y gratuita apta para todo p\u00fablico.<\/p>\n<p>Publicado el 28 de Julio de 2022<\/p>\n","protected":false},"excerpt":{"rendered":"<p>Se viene otra edici\u00f3n de San Juan y su m\u00fasica esta vez con la Asociaci\u00f3n M\u00fasicas San Juan que presenta<\/p>\n","protected":false},"author":3,"featured_media":25454,"comment_status":"closed","ping_status":"closed","sticky":false,"template":"","format":"standard","meta":{"_acf_changed":false,"_seopress_robots_primary_cat":"none","_seopress_titles_title":"","_seopress_titles_desc":"","_seopress_robots_index":"","colormag_page_container_layout":"default_layout","colormag_page_sidebar_layout":"default_layout","footnotes":""},"categories":[20],"tags":[],"class_list":["post-51135","post","type-post","status-publish","format-standard","has-post-thumbnail","hentry","category-cartelera"],"acf":[],"_links":{"self":[{"href":"https:\/\/vocesparalelas.com.ar\/sitio\/wp-json\/wp\/v2\/posts\/51135","targetHints":{"allow":["GET"]}}],"collection":[{"href":"https:\/\/vocesparalelas.com.ar\/sitio\/wp-json\/wp\/v2\/posts"}],"about":[{"href":"https:\/\/vocesparalelas.com.ar\/sitio\/wp-json\/wp\/v2\/types\/post"}],"author":[{"embeddable":true,"href":"https:\/\/vocesparalelas.com.ar\/sitio\/wp-json\/wp\/v2\/users\/3"}],"replies":[{"embeddable":true,"href":"https:\/\/vocesparalelas.com.ar\/sitio\/wp-json\/wp\/v2\/comments?post=51135"}],"version-history":[{"count":1,"href":"https:\/\/vocesparalelas.com.ar\/sitio\/wp-json\/wp\/v2\/posts\/51135\/revisions"}],"predecessor-version":[{"id":51137,"href":"https:\/\/vocesparalelas.com.ar\/sitio\/wp-json\/wp\/v2\/posts\/51135\/revisions\/51137"}],"wp:featuredmedia":[{"embeddable":true,"href":"https:\/\/vocesparalelas.com.ar\/sitio\/wp-json\/wp\/v2\/media\/25454"}],"wp:attachment":[{"href":"https:\/\/vocesparalelas.com.ar\/sitio\/wp-json\/wp\/v2\/media?parent=51135"}],"wp:term":[{"taxonomy":"category","embeddable":true,"href":"https:\/\/vocesparalelas.com.ar\/sitio\/wp-json\/wp\/v2\/categories?post=51135"},{"taxonomy":"post_tag","embeddable":true,"href":"https:\/\/vocesparalelas.com.ar\/sitio\/wp-json\/wp\/v2\/tags?post=51135"}],"curies":[{"name":"wp","href":"https:\/\/api.w.org\/{rel}","templated":true}]}}