{"id":51132,"date":"2022-07-28T22:14:46","date_gmt":"2022-07-29T01:14:46","guid":{"rendered":"https:\/\/vocesparalelas.com.ar\/sitio\/?p=51132"},"modified":"2022-07-28T22:14:46","modified_gmt":"2022-07-29T01:14:46","slug":"reunion-del-personal-portero-en-upcn-san-juan","status":"publish","type":"post","link":"https:\/\/vocesparalelas.com.ar\/sitio\/reunion-del-personal-portero-en-upcn-san-juan\/","title":{"rendered":"Reuni\u00f3n del personal portero en UPCN San Juan"},"content":{"rendered":"<p>UPCN San Juan invita al personal portero el\u00a0Viernes, 29 de Julio, a las 10 hs. en el\u00a0Sal\u00f3n Cultural de la instituci\u00f3n, Sarmiento 461 &#8211; S &#8211; Ca\u00edtal<\/p>\n<p>Tel\u00e9fono 4214611\/4225265.<\/p>\n<p>En la reuni\u00f3n se van a exponer temas relacionados con las tareas habituales que lleva a cabo el personal de este sector y en repuesta a las gestiones que se vienen realizando.<\/p>\n<p>Publicado el Jueves, 28 de Julio de 2022<\/p>\n<p>&nbsp;<\/p>\n<p>&nbsp;<\/p>\n<p>&nbsp;<\/p>\n","protected":false},"excerpt":{"rendered":"<p>UPCN San Juan invita al personal portero el\u00a0Viernes, 29 de Julio, a las 10 hs. en el\u00a0Sal\u00f3n Cultural de la<\/p>\n","protected":false},"author":3,"featured_media":22945,"comment_status":"closed","ping_status":"closed","sticky":false,"template":"","format":"standard","meta":{"_acf_changed":false,"_seopress_robots_primary_cat":"none","_seopress_titles_title":"","_seopress_titles_desc":"","_seopress_robots_index":"","colormag_page_container_layout":"default_layout","colormag_page_sidebar_layout":"default_layout","footnotes":""},"categories":[1],"tags":[],"class_list":["post-51132","post","type-post","status-publish","format-standard","has-post-thumbnail","hentry","category-destacadas"],"acf":[],"_links":{"self":[{"href":"https:\/\/vocesparalelas.com.ar\/sitio\/wp-json\/wp\/v2\/posts\/51132","targetHints":{"allow":["GET"]}}],"collection":[{"href":"https:\/\/vocesparalelas.com.ar\/sitio\/wp-json\/wp\/v2\/posts"}],"about":[{"href":"https:\/\/vocesparalelas.com.ar\/sitio\/wp-json\/wp\/v2\/types\/post"}],"author":[{"embeddable":true,"href":"https:\/\/vocesparalelas.com.ar\/sitio\/wp-json\/wp\/v2\/users\/3"}],"replies":[{"embeddable":true,"href":"https:\/\/vocesparalelas.com.ar\/sitio\/wp-json\/wp\/v2\/comments?post=51132"}],"version-history":[{"count":1,"href":"https:\/\/vocesparalelas.com.ar\/sitio\/wp-json\/wp\/v2\/posts\/51132\/revisions"}],"predecessor-version":[{"id":51134,"href":"https:\/\/vocesparalelas.com.ar\/sitio\/wp-json\/wp\/v2\/posts\/51132\/revisions\/51134"}],"wp:featuredmedia":[{"embeddable":true,"href":"https:\/\/vocesparalelas.com.ar\/sitio\/wp-json\/wp\/v2\/media\/22945"}],"wp:attachment":[{"href":"https:\/\/vocesparalelas.com.ar\/sitio\/wp-json\/wp\/v2\/media?parent=51132"}],"wp:term":[{"taxonomy":"category","embeddable":true,"href":"https:\/\/vocesparalelas.com.ar\/sitio\/wp-json\/wp\/v2\/categories?post=51132"},{"taxonomy":"post_tag","embeddable":true,"href":"https:\/\/vocesparalelas.com.ar\/sitio\/wp-json\/wp\/v2\/tags?post=51132"}],"curies":[{"name":"wp","href":"https:\/\/api.w.org\/{rel}","templated":true}]}}