{"id":51092,"date":"2022-07-26T23:37:39","date_gmt":"2022-07-27T02:37:39","guid":{"rendered":"https:\/\/vocesparalelas.com.ar\/sitio\/?p=51092"},"modified":"2022-07-26T23:37:39","modified_gmt":"2022-07-27T02:37:39","slug":"firma-de-convenio-para-aplicar-el-programa-mision-buen-ambiente","status":"publish","type":"post","link":"https:\/\/vocesparalelas.com.ar\/sitio\/firma-de-convenio-para-aplicar-el-programa-mision-buen-ambiente\/","title":{"rendered":"Firma de Convenio para aplicar el Programa Misi\u00f3n Buen Ambiente"},"content":{"rendered":"<p>el Bolet\u00edn Oficial de San Juan firm\u00f3 un convenio con la Secretar\u00eda de Estado de Ambiente y Desarrollo Sustentable para la aplicaci\u00f3n del programa Misi\u00f3n Buen Ambiente.<\/p>\n<p>El acto estuvo presidido por los secretarios general de la Gobernaci\u00f3n, CPN Juan Flores y de Estado de Ambiente y Desarrollo Sustentable, Francisco Guevara, adem\u00e1s de personal de la repartici\u00f3n.<\/p>\n<p>La secretar\u00eda de Estado de Ambiente y Desarrollo Sustentable, a trav\u00e9s de la Subsecretar\u00eda de Residuos S\u00f3lidos Urbanos, desarrolla la campa\u00f1a Misi\u00f3n Buen Ambiente en entidades educativas, gubernamentales, municipios, centros culturales, de salud, ferias, eventos deportivos y centros de gran afluencia de p\u00fablico.<\/p>\n<p>&nbsp;<\/p>\n<p><iframe loading=\"lazy\" title=\"Firmaron convenio con el Bolet\u00edn Oficial para la implementaci\u00f3n del Programa Misi\u00f3n Buen Ambiente\" width=\"800\" height=\"450\" src=\"https:\/\/www.youtube.com\/embed\/Q3Y6DawAEzU?feature=oembed\" frameborder=\"0\" allow=\"accelerometer; autoplay; clipboard-write; encrypted-media; gyroscope; picture-in-picture\" allowfullscreen><\/iframe><\/p>\n<p>&nbsp;<\/p>\n<p>El programa busca promover el tratamiento del 100 por ciento de los residuos generados a trav\u00e9s de distintas herramientas, equipamientos, dispositivos y estructuras, accesibles a toda la poblaci\u00f3n.<\/p>\n<p>De acuerdo a lo expresado por Francisco Guevara \u201cm\u00e1s all\u00e1 del convenio, que es la forma de materializar esta acci\u00f3n, se est\u00e1 dando una charla de capacitaci\u00f3n al personal del Bolet\u00edn Oficial, entendiendo que es un organismo que usa gran cantidad de papel. Por eso, a partir de hoy comenzar\u00e1 la separaci\u00f3n y tratamiento especial de ese residuo\u201d.<\/p>\n<p>Continuando, el funcionario destac\u00f3 que lo mismo sucede con el Servicio Penitenciario Provincial, que tiene un gran consumo de pl\u00e1stico d\u00eda a d\u00eda en las viandas que se proporcionan para el personal y los internos.<\/p>\n<p>\u201cEstos son los aliados que necesitamos en la Secretar\u00eda de Ambiente para fomentar la circularidad de los residuos, que llegar\u00e1n a la planta de tratamiento como desperdicio seco y limpio, merced a la instrucci\u00f3n de los empleados en la manipulaci\u00f3n de los desechos\u201d, explic\u00f3.<\/p>\n<p>\u201cDe la misma manera pasaba con el Servicio Penitenciario: los residuos que originaban llegaban a la planta de tratamiento h\u00famedo, de modo que al momento de enfardar, licitar y vender, el recurso ten\u00eda otro precio o inclusive se perd\u00eda. Por todo lo expuesto, seguiremos creando aliados estrat\u00e9gicos para fomentar la econom\u00eda circular\u201d, manifest\u00f3 Guevara.<\/p>\n<p>Adem\u00e1s, el secretario hizo hincapi\u00e9 en el trabajo que la dependencia que encabeza realiz\u00f3 con la parte privada, firmando acuerdos con el Grupo Mitre Salud, la firma Graziani, Fundaci\u00f3n Banco San Juan y otros, quienes generan un alto volumen de residuos. \u201cEl total es de 128 empresas que se adhirieron al programa y est\u00e1n capacitando a sus empleados. A ello se le suman los organismos p\u00fablicos; pero hablamos de una responsabilidad empresarial que tiene que ver con el cierre del circuito de procesamiento y reciclado de residuos\u201d, concluy\u00f3.<\/p>\n<div class=\"itemFullText\">\n<p>El objetivo de Misi\u00f3n Buen Ambiente es llegar a diferentes puntos de generaci\u00f3n, para optimizar las actividades en los centros de tratamiento, prolongar la vida \u00fatil de los rellenos sanitarios y abastecer de materia prima de buena calidad al Parque Industrial Tecnol\u00f3gico Ambiental Regional &#8211; PITAR. Esto posicionar\u00e1 a San Juan como una provincia modelo en el pa\u00eds en materia de gesti\u00f3n integral de los residuos s\u00f3lidos urbanos.<\/p>\n<\/div>\n<div class=\"clr\"><\/div>\n<div class=\"itemContentFooter\"><span class=\"itemDateModified\">Publicado el Martes, 26 de Julio de 2022<\/span><\/div>\n<p>&nbsp;<\/p>\n","protected":false},"excerpt":{"rendered":"<p>el Bolet\u00edn Oficial de San Juan firm\u00f3 un convenio con la Secretar\u00eda de Estado de Ambiente y Desarrollo Sustentable para<\/p>\n","protected":false},"author":3,"featured_media":51094,"comment_status":"closed","ping_status":"closed","sticky":false,"template":"","format":"standard","meta":{"_acf_changed":false,"_seopress_robots_primary_cat":"none","_seopress_titles_title":"","_seopress_titles_desc":"","_seopress_robots_index":"","colormag_page_container_layout":"default_layout","colormag_page_sidebar_layout":"default_layout","footnotes":""},"categories":[1],"tags":[],"class_list":["post-51092","post","type-post","status-publish","format-standard","has-post-thumbnail","hentry","category-destacadas"],"acf":[],"_links":{"self":[{"href":"https:\/\/vocesparalelas.com.ar\/sitio\/wp-json\/wp\/v2\/posts\/51092","targetHints":{"allow":["GET"]}}],"collection":[{"href":"https:\/\/vocesparalelas.com.ar\/sitio\/wp-json\/wp\/v2\/posts"}],"about":[{"href":"https:\/\/vocesparalelas.com.ar\/sitio\/wp-json\/wp\/v2\/types\/post"}],"author":[{"embeddable":true,"href":"https:\/\/vocesparalelas.com.ar\/sitio\/wp-json\/wp\/v2\/users\/3"}],"replies":[{"embeddable":true,"href":"https:\/\/vocesparalelas.com.ar\/sitio\/wp-json\/wp\/v2\/comments?post=51092"}],"version-history":[{"count":1,"href":"https:\/\/vocesparalelas.com.ar\/sitio\/wp-json\/wp\/v2\/posts\/51092\/revisions"}],"predecessor-version":[{"id":51095,"href":"https:\/\/vocesparalelas.com.ar\/sitio\/wp-json\/wp\/v2\/posts\/51092\/revisions\/51095"}],"wp:featuredmedia":[{"embeddable":true,"href":"https:\/\/vocesparalelas.com.ar\/sitio\/wp-json\/wp\/v2\/media\/51094"}],"wp:attachment":[{"href":"https:\/\/vocesparalelas.com.ar\/sitio\/wp-json\/wp\/v2\/media?parent=51092"}],"wp:term":[{"taxonomy":"category","embeddable":true,"href":"https:\/\/vocesparalelas.com.ar\/sitio\/wp-json\/wp\/v2\/categories?post=51092"},{"taxonomy":"post_tag","embeddable":true,"href":"https:\/\/vocesparalelas.com.ar\/sitio\/wp-json\/wp\/v2\/tags?post=51092"}],"curies":[{"name":"wp","href":"https:\/\/api.w.org\/{rel}","templated":true}]}}