{"id":51077,"date":"2022-07-26T14:47:54","date_gmt":"2022-07-26T17:47:54","guid":{"rendered":"https:\/\/vocesparalelas.com.ar\/sitio\/?p=51077"},"modified":"2022-07-27T15:21:04","modified_gmt":"2022-07-27T18:21:04","slug":"acreditacion-de-haberes-julio-2022-para-la-administracion-publica-de-san-juan","status":"publish","type":"post","link":"https:\/\/vocesparalelas.com.ar\/sitio\/acreditacion-de-haberes-julio-2022-para-la-administracion-publica-de-san-juan\/","title":{"rendered":"Acreditaci\u00f3n de haberes \u00abJulio 2022\u00bb para la Administraci\u00f3n P\u00fablica de San Juan"},"content":{"rendered":"<div class=\"itemFullText\">\n<p>La Secretar\u00eda de Hacienda y Finanzas del Gobierno de San Juan, inform\u00f3 el pago de haberes de Julio de 2022, los que est\u00e1n acreditados en los cajeros el Lunes, 1 de Agosto.<\/p>\n<p>Asimismo, recordaron que los sueldos de Julio incluyen el 40% de aumento otorgado desde el mes de Junio, que sumados al 5% de otorgado en Mayo y al 20% de aumento vigente desde el mes de Marzo, suman el 65% de aumento salarial en 2022.<\/p>\n<p>Asimismo, se recuerda que con el pago de los haberes de Julio, los contratados del Gobierno de San Juan, reciben el 35% de aumento anunciado por el gobernador Dr. Sergio U\u00f1ac, que sumados al 30% otorgado en Enero completan el 65% de aumento en 2022.<\/p>\n<p>Se recuerda tambi\u00e9n que, los cajeros autom\u00e1ticos funcionan las 24 horas, por lo que se solicita evitar horarios y cajeros con gran afluencia de p\u00fablico, no asistir acompa\u00f1ados, usar tapabocas, mantener la distancia entre personas y desinfectar las manos luego del uso de cajeros y manipulaci\u00f3n de dinero.<\/p>\n<p>Se solicita a la poblaci\u00f3n tener presente que est\u00e1n vigentes las extracciones con tarjeta de d\u00e9bito en los principales supermercados y estaciones de servicio de la provincia, entre otros comercios identificados con el logo de Visa &#8211; Extra cash.<\/p>\n<p>La forma m\u00e1s eficaz de mantener el estatus sanitario es con la colaboraci\u00f3n y la responsabilidad de todos.<\/p>\n<p><img loading=\"lazy\" decoding=\"async\" class=\"alignnone size-large wp-image-1245\" src=\"https:\/\/vocesparalelas.com.ar\/sitio\/wp-content\/uploads\/2017\/05\/CASA-DE-GOBIERNO-01-800x534.jpg\" alt=\"\" width=\"800\" height=\"534\" srcset=\"https:\/\/vocesparalelas.com.ar\/sitio\/wp-content\/uploads\/2017\/05\/CASA-DE-GOBIERNO-01.jpg 800w, https:\/\/vocesparalelas.com.ar\/sitio\/wp-content\/uploads\/2017\/05\/CASA-DE-GOBIERNO-01-300x200.jpg 300w, https:\/\/vocesparalelas.com.ar\/sitio\/wp-content\/uploads\/2017\/05\/CASA-DE-GOBIERNO-01-768x513.jpg 768w\" sizes=\"auto, (max-width: 800px) 100vw, 800px\" \/><\/p>\n<\/div>\n<div class=\"clr\">Publicada el Martes, 26 de Julio de 2022<\/div>\n","protected":false},"excerpt":{"rendered":"<p>La Secretar\u00eda de Hacienda y Finanzas del Gobierno de San Juan, inform\u00f3 el pago de haberes de Julio de 2022,<\/p>\n","protected":false},"author":3,"featured_media":5039,"comment_status":"closed","ping_status":"closed","sticky":false,"template":"","format":"standard","meta":{"_acf_changed":false,"_seopress_robots_primary_cat":"none","_seopress_titles_title":"","_seopress_titles_desc":"","_seopress_robots_index":"","colormag_page_container_layout":"default_layout","colormag_page_sidebar_layout":"default_layout","footnotes":""},"categories":[6],"tags":[],"class_list":["post-51077","post","type-post","status-publish","format-standard","has-post-thumbnail","hentry","category-eventos"],"acf":[],"_links":{"self":[{"href":"https:\/\/vocesparalelas.com.ar\/sitio\/wp-json\/wp\/v2\/posts\/51077","targetHints":{"allow":["GET"]}}],"collection":[{"href":"https:\/\/vocesparalelas.com.ar\/sitio\/wp-json\/wp\/v2\/posts"}],"about":[{"href":"https:\/\/vocesparalelas.com.ar\/sitio\/wp-json\/wp\/v2\/types\/post"}],"author":[{"embeddable":true,"href":"https:\/\/vocesparalelas.com.ar\/sitio\/wp-json\/wp\/v2\/users\/3"}],"replies":[{"embeddable":true,"href":"https:\/\/vocesparalelas.com.ar\/sitio\/wp-json\/wp\/v2\/comments?post=51077"}],"version-history":[{"count":3,"href":"https:\/\/vocesparalelas.com.ar\/sitio\/wp-json\/wp\/v2\/posts\/51077\/revisions"}],"predecessor-version":[{"id":51081,"href":"https:\/\/vocesparalelas.com.ar\/sitio\/wp-json\/wp\/v2\/posts\/51077\/revisions\/51081"}],"wp:featuredmedia":[{"embeddable":true,"href":"https:\/\/vocesparalelas.com.ar\/sitio\/wp-json\/wp\/v2\/media\/5039"}],"wp:attachment":[{"href":"https:\/\/vocesparalelas.com.ar\/sitio\/wp-json\/wp\/v2\/media?parent=51077"}],"wp:term":[{"taxonomy":"category","embeddable":true,"href":"https:\/\/vocesparalelas.com.ar\/sitio\/wp-json\/wp\/v2\/categories?post=51077"},{"taxonomy":"post_tag","embeddable":true,"href":"https:\/\/vocesparalelas.com.ar\/sitio\/wp-json\/wp\/v2\/tags?post=51077"}],"curies":[{"name":"wp","href":"https:\/\/api.w.org\/{rel}","templated":true}]}}