{"id":51046,"date":"2022-07-25T13:40:44","date_gmt":"2022-07-25T16:40:44","guid":{"rendered":"https:\/\/vocesparalelas.com.ar\/sitio\/?p=51046"},"modified":"2022-07-27T15:24:01","modified_gmt":"2022-07-27T18:24:01","slug":"comienza-el-dictado-de-la-tecnicatura-en-higiene-y-seguridad-laboral-en-la-industria-de-la-construccion-de-la-faud-de-la-unsj","status":"publish","type":"post","link":"https:\/\/vocesparalelas.com.ar\/sitio\/comienza-el-dictado-de-la-tecnicatura-en-higiene-y-seguridad-laboral-en-la-industria-de-la-construccion-de-la-faud-de-la-unsj\/","title":{"rendered":"Comienza el dictado de la Tecnicatura en Higiene y Seguridad laboral en la industria de la construcci\u00f3n de la FAUD de la UNSJ"},"content":{"rendered":"<p>El decano de la Facultad de Arquitectura, Urbanismo y Dise\u00f1o de la Universidad Nacional de San Juan, Arq. Guillermo Velasco, firm\u00f3 dos convenios.<\/p>\n<div id=\"contentNoticia\">\n<p>Uno con el intendente la Municipalidad de Iglesia, Jorge Espejo.<\/p>\n<p>El otro, con la intendente de la Municipalidad de Caucete, Lic. Romina Rosas.<\/p>\n<p><img loading=\"lazy\" decoding=\"async\" class=\"alignnone size-full wp-image-51048\" src=\"https:\/\/vocesparalelas.com.ar\/sitio\/wp-content\/uploads\/2022\/07\/faud-ticnicatura-01.jpg\" alt=\"\" width=\"800\" height=\"286\" srcset=\"https:\/\/vocesparalelas.com.ar\/sitio\/wp-content\/uploads\/2022\/07\/faud-ticnicatura-01.jpg 800w, https:\/\/vocesparalelas.com.ar\/sitio\/wp-content\/uploads\/2022\/07\/faud-ticnicatura-01-300x107.jpg 300w, https:\/\/vocesparalelas.com.ar\/sitio\/wp-content\/uploads\/2022\/07\/faud-ticnicatura-01-768x275.jpg 768w\" sizes=\"auto, (max-width: 800px) 100vw, 800px\" \/><\/p>\n<p>Los convenios firmados tienen por objetivo especificar los lineamientos para dictar en esos departamentos la Tecnicatura Universitaria en Higiene y Seguridad Laboral en la industria de la construcci\u00f3n.<\/p>\n<p>Las inscripciones y el dictado comienza en Agosto con modalidad virtual, que tiene la particularidad el dictado simult\u00e1neo en ambos departamentos; y presencial, que se dicta en Caucete e Iglesia.<\/p>\n<p><span style=\"color: #99cc00;\"><strong>Para acceder al llamado a concurso para cargos docentes<\/strong><\/span><\/p>\n<p><a href=\"http:\/\/www.faud.unsj.edu.ar\/noticias\/1179-llamado-a-la-presentacion-de-antecedentes-y-propuesta-para-cubrir-cargos-docentes\/\">http:\/\/www.faud.unsj.edu.ar\/noticias\/1179-llamado-a-la-presentacion-de-antecedentes-y-propuesta-para-cubrir-cargos-docentes\/<\/a><\/p>\n<p>Publicado el Lunes, 25 de Junio de 2022<\/p>\n<\/div>\n","protected":false},"excerpt":{"rendered":"<p>El decano de la Facultad de Arquitectura, Urbanismo y Dise\u00f1o de la Universidad Nacional de San Juan, Arq. Guillermo Velasco,<\/p>\n","protected":false},"author":3,"featured_media":43789,"comment_status":"closed","ping_status":"closed","sticky":false,"template":"","format":"standard","meta":{"_acf_changed":false,"_seopress_robots_primary_cat":"none","_seopress_titles_title":"","_seopress_titles_desc":"","_seopress_robots_index":"","colormag_page_container_layout":"default_layout","colormag_page_sidebar_layout":"default_layout","footnotes":""},"categories":[15],"tags":[],"class_list":["post-51046","post","type-post","status-publish","format-standard","has-post-thumbnail","hentry","category-posgrados"],"acf":[],"_links":{"self":[{"href":"https:\/\/vocesparalelas.com.ar\/sitio\/wp-json\/wp\/v2\/posts\/51046","targetHints":{"allow":["GET"]}}],"collection":[{"href":"https:\/\/vocesparalelas.com.ar\/sitio\/wp-json\/wp\/v2\/posts"}],"about":[{"href":"https:\/\/vocesparalelas.com.ar\/sitio\/wp-json\/wp\/v2\/types\/post"}],"author":[{"embeddable":true,"href":"https:\/\/vocesparalelas.com.ar\/sitio\/wp-json\/wp\/v2\/users\/3"}],"replies":[{"embeddable":true,"href":"https:\/\/vocesparalelas.com.ar\/sitio\/wp-json\/wp\/v2\/comments?post=51046"}],"version-history":[{"count":2,"href":"https:\/\/vocesparalelas.com.ar\/sitio\/wp-json\/wp\/v2\/posts\/51046\/revisions"}],"predecessor-version":[{"id":51050,"href":"https:\/\/vocesparalelas.com.ar\/sitio\/wp-json\/wp\/v2\/posts\/51046\/revisions\/51050"}],"wp:featuredmedia":[{"embeddable":true,"href":"https:\/\/vocesparalelas.com.ar\/sitio\/wp-json\/wp\/v2\/media\/43789"}],"wp:attachment":[{"href":"https:\/\/vocesparalelas.com.ar\/sitio\/wp-json\/wp\/v2\/media?parent=51046"}],"wp:term":[{"taxonomy":"category","embeddable":true,"href":"https:\/\/vocesparalelas.com.ar\/sitio\/wp-json\/wp\/v2\/categories?post=51046"},{"taxonomy":"post_tag","embeddable":true,"href":"https:\/\/vocesparalelas.com.ar\/sitio\/wp-json\/wp\/v2\/tags?post=51046"}],"curies":[{"name":"wp","href":"https:\/\/api.w.org\/{rel}","templated":true}]}}