{"id":51035,"date":"2022-07-24T21:33:17","date_gmt":"2022-07-25T00:33:17","guid":{"rendered":"https:\/\/vocesparalelas.com.ar\/sitio\/?p=51035"},"modified":"2022-07-24T21:33:17","modified_gmt":"2022-07-25T00:33:17","slug":"se-presentan-los-resultados-del-programa-de-apoyo-a-la-inversion-privada-de-san-juan","status":"publish","type":"post","link":"https:\/\/vocesparalelas.com.ar\/sitio\/se-presentan-los-resultados-del-programa-de-apoyo-a-la-inversion-privada-de-san-juan\/","title":{"rendered":"Se presentan los resultados del Programa de Apoyo a la Inversi\u00f3n Privada de San Juan"},"content":{"rendered":"<p>El Lunes, 25 de Julio, a las 10 hs.; en ACER-MAT, Lateral Oeste de Ruta 40 entre Calle 7 y 8, el gobernador de San Juan, Dr. Sergio U\u00f1ac, presenta los resultados del Programa de Apoyo a la Inversi\u00f3n Privada donde el 100 % de San Juan, busca la creaci\u00f3n de nuevos puestos de trabajo.<\/p>\n<p>El programa, que dispon\u00eda de $2 mil millones, otorga como beneficio Certificados de Cr\u00e9dito Fiscal que pueden aplicarse al pago de obligaciones fiscales provinciales, con una vigencia de cinco a\u00f1os computados desde la fecha de emisi\u00f3n.<\/p>\n<p>\u201cEn plena pandemia, cuando nuestra prioridad era cuidar la salud de todos, pero sosteniendo la econom\u00eda para minimizar el impacto de la pandemia, anunciamos este programa 100 % sanjuanino que ha superado nuestras expectativas. Eso habla de la calidad de los inversores y de su disposici\u00f3n a apostar por San Juan\u201d.<\/p>\n<p>La cantidad y la calidad de los proyectos presentados redundar\u00e1 en nuevos empleos de calidad, diversificaci\u00f3n de la econom\u00eda y generaci\u00f3n de impactos positivos en la sociedad y el ambiente\u201d.<\/p>\n<p>El Programa de Apoyo a la Inversi\u00f3n Privada en la Provincia de San Juan fue instituido por Ley Provincial N\u00b0 2270-J; tiene por finalidad la creaci\u00f3n de empleo de calidad e inclusivo y el desarrollo productivo y sostenible provincial.<\/p>\n<p><span style=\"color: #339966;\"><strong>Operatoria<\/strong><\/span><\/p>\n<p>El Programa apunta a otorgar beneficios fiscales por un porcentaje del proyecto de inversi\u00f3n que se materializar\u00e1 a trav\u00e9s de Certificados de Cr\u00e9dito Fiscal, emitidos de acuerdo con el avance y puesta en marcha de la inversi\u00f3n, los cuales podr\u00e1n imputarse al pago de impuestos.<\/p>\n<p>La convocatoria se mantuvo abierta hasta el 30 de junio y la postulaci\u00f3n de proyectos se realiz\u00f3 a trav\u00e9s de una plataforma digital autogestionada, interactiva con los m\u00e1ximos est\u00e1ndares de ciberseguridad.<\/p>\n<p>Publicado el Domingo, 24 de Julio de 2022<\/p>\n","protected":false},"excerpt":{"rendered":"<p>El Lunes, 25 de Julio, a las 10 hs.; en ACER-MAT, Lateral Oeste de Ruta 40 entre Calle 7 y<\/p>\n","protected":false},"author":3,"featured_media":50694,"comment_status":"closed","ping_status":"closed","sticky":false,"template":"","format":"standard","meta":{"_acf_changed":false,"_seopress_robots_primary_cat":"none","_seopress_titles_title":"","_seopress_titles_desc":"","_seopress_robots_index":"","colormag_page_container_layout":"default_layout","colormag_page_sidebar_layout":"default_layout","footnotes":""},"categories":[1],"tags":[],"class_list":["post-51035","post","type-post","status-publish","format-standard","has-post-thumbnail","hentry","category-destacadas"],"acf":[],"_links":{"self":[{"href":"https:\/\/vocesparalelas.com.ar\/sitio\/wp-json\/wp\/v2\/posts\/51035","targetHints":{"allow":["GET"]}}],"collection":[{"href":"https:\/\/vocesparalelas.com.ar\/sitio\/wp-json\/wp\/v2\/posts"}],"about":[{"href":"https:\/\/vocesparalelas.com.ar\/sitio\/wp-json\/wp\/v2\/types\/post"}],"author":[{"embeddable":true,"href":"https:\/\/vocesparalelas.com.ar\/sitio\/wp-json\/wp\/v2\/users\/3"}],"replies":[{"embeddable":true,"href":"https:\/\/vocesparalelas.com.ar\/sitio\/wp-json\/wp\/v2\/comments?post=51035"}],"version-history":[{"count":1,"href":"https:\/\/vocesparalelas.com.ar\/sitio\/wp-json\/wp\/v2\/posts\/51035\/revisions"}],"predecessor-version":[{"id":51037,"href":"https:\/\/vocesparalelas.com.ar\/sitio\/wp-json\/wp\/v2\/posts\/51035\/revisions\/51037"}],"wp:featuredmedia":[{"embeddable":true,"href":"https:\/\/vocesparalelas.com.ar\/sitio\/wp-json\/wp\/v2\/media\/50694"}],"wp:attachment":[{"href":"https:\/\/vocesparalelas.com.ar\/sitio\/wp-json\/wp\/v2\/media?parent=51035"}],"wp:term":[{"taxonomy":"category","embeddable":true,"href":"https:\/\/vocesparalelas.com.ar\/sitio\/wp-json\/wp\/v2\/categories?post=51035"},{"taxonomy":"post_tag","embeddable":true,"href":"https:\/\/vocesparalelas.com.ar\/sitio\/wp-json\/wp\/v2\/tags?post=51035"}],"curies":[{"name":"wp","href":"https:\/\/api.w.org\/{rel}","templated":true}]}}