{"id":51006,"date":"2022-07-22T11:56:56","date_gmt":"2022-07-22T14:56:56","guid":{"rendered":"https:\/\/vocesparalelas.com.ar\/sitio\/?p=51006"},"modified":"2022-07-27T23:59:32","modified_gmt":"2022-07-28T02:59:32","slug":"con-la-musica-a-otra-parte-y-la-obra-sueno-de-una-noche-de-verano","status":"publish","type":"post","link":"https:\/\/vocesparalelas.com.ar\/sitio\/con-la-musica-a-otra-parte-y-la-obra-sueno-de-una-noche-de-verano\/","title":{"rendered":"\u201cCon la m\u00fasica a otra parte\u201d y la obra \u201cSue\u00f1o de una noche de verano\u201d"},"content":{"rendered":"<div class=\"itemFullText\">\n<p>El Teatro del Bicentenario, dependiente del Ministerio de Turismo y Cultura del Gobierno de San Juan junto a la Fundaci\u00f3n Banco San Juan, celebra el Mes de las Infancias\u00a0con una\u00a0visita guiada\u00a0especial que disfrutan alumnos de escuelas de San Juan, del 8 al 12 de Agosto de 2022.<\/p>\n<p>El objetivo principal es acercar a chicos de entre 11 y 13 a\u00f1os a las artes esc\u00e9nicas a trav\u00e9s de un rol proactivo en los escenarios del Teatro del Bicentenario.<\/p>\n<p>A partir del Lunes, 25 de Julio, las escuelas de San Juan pueden inscribirse a trav\u00e9s del formulario que deben completar online\u00a0en\u00a0<a href=\"http:\/\/www.teatrodelbicentenariosanjuan.org\/\">www.teatrodelbicentenariosanjuan.org<\/a><\/p>\n<p>Adem\u00e1s de las redes oficiales del Ministerio de Turismo y Cultura, el Teatro del Bicentenario y la Fundaci\u00f3n Banco San Juan.<\/p>\n<p><span style=\"color: #339966;\"><strong>\u201cCon la m\u00fasica a otra parte\u201d<\/strong><\/span>\u00a0es una experiencia art\u00edstica y did\u00e1ctica en la que se conjugan las artes esc\u00e9nicas como el teatro y la m\u00fasica, con el protagonismo de los chicos y chicas que participar\u00e1n activamente en cada instancia.<\/p>\n<p>Estudiantes de toda la provincia de San Juan\u00a0 se suman a un taller de ejecuci\u00f3n de instrumentos cotidi\u00e1fonos con la posterior observaci\u00f3n y participaci\u00f3n en la obra teatral \u201cSue\u00f1o de una noche de verano\u201d, de William Shakespeare, representada por dos actores que adem\u00e1s son gu\u00edas en esta visita especial.<\/p>\n<p>La Escuela de M\u00fasica de la UNSJ participa de esta inolvidable experiencia art\u00edstica como instituci\u00f3n invitada. Estudiantes avanzados del Profesorado Universitario en Educaci\u00f3n Musical de la UNSJ estan a cargo de componer, ejecutar y adaptar el arreglo musical de la obra \u201cSue\u00f1o de una noche de verano\u201d, de F\u00e9lix Mendelssohn, como as\u00ed tambi\u00e9n, de desarrollar actividades pedag\u00f3gicas en el marco de esta visita especial.<\/p>\n<p>Este programa se desarrolla junto a la Fundaci\u00f3n Banco San Juan, que trabaja hace a\u00f1os junto al TB en la promoci\u00f3n de las artes y la cultura en nuestra provincia.<\/p>\n<\/div>\n<div class=\"clr\">Publicado el Viernes, 22de\u00a0 Julio de 2022<\/div>\n","protected":false},"excerpt":{"rendered":"<p>El Teatro del Bicentenario, dependiente del Ministerio de Turismo y Cultura del Gobierno de San Juan junto a la Fundaci\u00f3n<\/p>\n","protected":false},"author":3,"featured_media":24097,"comment_status":"closed","ping_status":"closed","sticky":false,"template":"","format":"standard","meta":{"_acf_changed":false,"_seopress_robots_primary_cat":"none","_seopress_titles_title":"","_seopress_titles_desc":"","_seopress_robots_index":"","colormag_page_container_layout":"default_layout","colormag_page_sidebar_layout":"default_layout","footnotes":""},"categories":[2],"tags":[],"class_list":["post-51006","post","type-post","status-publish","format-standard","has-post-thumbnail","hentry","category-convocatorias"],"acf":[],"_links":{"self":[{"href":"https:\/\/vocesparalelas.com.ar\/sitio\/wp-json\/wp\/v2\/posts\/51006","targetHints":{"allow":["GET"]}}],"collection":[{"href":"https:\/\/vocesparalelas.com.ar\/sitio\/wp-json\/wp\/v2\/posts"}],"about":[{"href":"https:\/\/vocesparalelas.com.ar\/sitio\/wp-json\/wp\/v2\/types\/post"}],"author":[{"embeddable":true,"href":"https:\/\/vocesparalelas.com.ar\/sitio\/wp-json\/wp\/v2\/users\/3"}],"replies":[{"embeddable":true,"href":"https:\/\/vocesparalelas.com.ar\/sitio\/wp-json\/wp\/v2\/comments?post=51006"}],"version-history":[{"count":1,"href":"https:\/\/vocesparalelas.com.ar\/sitio\/wp-json\/wp\/v2\/posts\/51006\/revisions"}],"predecessor-version":[{"id":51008,"href":"https:\/\/vocesparalelas.com.ar\/sitio\/wp-json\/wp\/v2\/posts\/51006\/revisions\/51008"}],"wp:featuredmedia":[{"embeddable":true,"href":"https:\/\/vocesparalelas.com.ar\/sitio\/wp-json\/wp\/v2\/media\/24097"}],"wp:attachment":[{"href":"https:\/\/vocesparalelas.com.ar\/sitio\/wp-json\/wp\/v2\/media?parent=51006"}],"wp:term":[{"taxonomy":"category","embeddable":true,"href":"https:\/\/vocesparalelas.com.ar\/sitio\/wp-json\/wp\/v2\/categories?post=51006"},{"taxonomy":"post_tag","embeddable":true,"href":"https:\/\/vocesparalelas.com.ar\/sitio\/wp-json\/wp\/v2\/tags?post=51006"}],"curies":[{"name":"wp","href":"https:\/\/api.w.org\/{rel}","templated":true}]}}