{"id":50978,"date":"2022-07-27T10:00:23","date_gmt":"2022-07-27T13:00:23","guid":{"rendered":"https:\/\/vocesparalelas.com.ar\/sitio\/?p=50978"},"modified":"2022-07-27T19:51:49","modified_gmt":"2022-07-27T22:51:49","slug":"kermes-en-lo-de-domingo","status":"publish","type":"post","link":"https:\/\/vocesparalelas.com.ar\/sitio\/kermes-en-lo-de-domingo\/","title":{"rendered":"\u201cKermes en lo de Domingo\u00bb"},"content":{"rendered":"<p>El Museo y Biblioteca Casa Natal de Sarmiento los invita a participar de la \u201cKermes en lo de Domingo\u00bb, el Jueves 28 de julio de 14:00 a 18:30 hs. la entrada es gratuita para disfrutar en familia y la diversi\u00f3n, rememor\u00e1ndose a tiempos pasados.<\/p>\n<p>Es una propuesta l\u00fadica y divertida entre el museo, la comunidad y turistas que se acerquen a participar de esta experiencia.<\/p>\n<p>La Kermes era una fiesta popular realizada en los barrios o vecindarios con varios puestos de juegos de destreza, infantiles, puestos de comidas y bebidas, donde tambi\u00e9n se montaban espect\u00e1culos art\u00edsticos como bailes, musicales, entre otros.<\/p>\n<p>Esta propuesta plantea un rescate de aquellas actividades tradicionales en un lugar con un simbolismo muy particular.<\/p>\n<p>Publicado el Mi\u00e9rcoles, 27 de Julio de 2022<\/p>\n","protected":false},"excerpt":{"rendered":"<p>El Museo y Biblioteca Casa Natal de Sarmiento los invita a participar de la \u201cKermes en lo de Domingo\u00bb, el<\/p>\n","protected":false},"author":3,"featured_media":41746,"comment_status":"closed","ping_status":"closed","sticky":false,"template":"","format":"standard","meta":{"_acf_changed":false,"_seopress_robots_primary_cat":"none","_seopress_titles_title":"","_seopress_titles_desc":"","_seopress_robots_index":"","colormag_page_container_layout":"default_layout","colormag_page_sidebar_layout":"default_layout","footnotes":""},"categories":[20],"tags":[],"class_list":["post-50978","post","type-post","status-publish","format-standard","has-post-thumbnail","hentry","category-cartelera"],"acf":[],"_links":{"self":[{"href":"https:\/\/vocesparalelas.com.ar\/sitio\/wp-json\/wp\/v2\/posts\/50978","targetHints":{"allow":["GET"]}}],"collection":[{"href":"https:\/\/vocesparalelas.com.ar\/sitio\/wp-json\/wp\/v2\/posts"}],"about":[{"href":"https:\/\/vocesparalelas.com.ar\/sitio\/wp-json\/wp\/v2\/types\/post"}],"author":[{"embeddable":true,"href":"https:\/\/vocesparalelas.com.ar\/sitio\/wp-json\/wp\/v2\/users\/3"}],"replies":[{"embeddable":true,"href":"https:\/\/vocesparalelas.com.ar\/sitio\/wp-json\/wp\/v2\/comments?post=50978"}],"version-history":[{"count":4,"href":"https:\/\/vocesparalelas.com.ar\/sitio\/wp-json\/wp\/v2\/posts\/50978\/revisions"}],"predecessor-version":[{"id":51125,"href":"https:\/\/vocesparalelas.com.ar\/sitio\/wp-json\/wp\/v2\/posts\/50978\/revisions\/51125"}],"wp:featuredmedia":[{"embeddable":true,"href":"https:\/\/vocesparalelas.com.ar\/sitio\/wp-json\/wp\/v2\/media\/41746"}],"wp:attachment":[{"href":"https:\/\/vocesparalelas.com.ar\/sitio\/wp-json\/wp\/v2\/media?parent=50978"}],"wp:term":[{"taxonomy":"category","embeddable":true,"href":"https:\/\/vocesparalelas.com.ar\/sitio\/wp-json\/wp\/v2\/categories?post=50978"},{"taxonomy":"post_tag","embeddable":true,"href":"https:\/\/vocesparalelas.com.ar\/sitio\/wp-json\/wp\/v2\/tags?post=50978"}],"curies":[{"name":"wp","href":"https:\/\/api.w.org\/{rel}","templated":true}]}}