{"id":50949,"date":"2022-07-20T20:26:03","date_gmt":"2022-07-20T23:26:03","guid":{"rendered":"https:\/\/vocesparalelas.com.ar\/sitio\/?p=50949"},"modified":"2022-07-20T20:26:03","modified_gmt":"2022-07-20T23:26:03","slug":"firma-de-la-adenda-al-convenio-marco-aprovechamiento-hidroenergetico-el-tambolar","status":"publish","type":"post","link":"https:\/\/vocesparalelas.com.ar\/sitio\/firma-de-la-adenda-al-convenio-marco-aprovechamiento-hidroenergetico-el-tambolar\/","title":{"rendered":"Firma de la adenda al convenio marco \u201cAprovechamiento Hidroenerg\u00e9tico El Tambolar\u00bb"},"content":{"rendered":"<div class=\"itemFullText\">\n<p>En Buenos Aires, se celebr\u00f3 la r\u00fabrica de la Adenda al Convenio Marco \u201cAprovechamiento Hidroenerg\u00e9tico y Multiprop\u00f3sito \u201cEl Tambolar\u201d y F\u00e1brica de Paneles Fotovoltaicos\u201d, entre la provincia de San Juan, representada por el Gobernador, Dr. Sergio U\u00f1ac y la Secretar\u00eda de Energ\u00eda del Ministerio de Econom\u00eda, representada por Dar\u00edo Mart\u00ednez.<\/p>\n<p>Tambi\u00e9n, estuvo presente en la reuni\u00f3n, el ministro de Obras y Servicios P\u00fablicos del Gobierno de San Juan, Ing. Julio Ortiz Andino.<\/p>\n<p>Esta adenda sustituye la cl\u00e1usula octava del Convenio Marco de Colaboraci\u00f3n, que se firm\u00f3 el 26 de febrero del a\u00f1o 2021, por una nueva cl\u00e1usula que indica que\u00a0<strong>la<\/strong> Secretar\u00eda de Energ\u00eda instruir\u00e1 a la Compa\u00f1\u00eda Administradora del Mercado Mayorista El\u00e9ctrico Sociedad An\u00f3nima &#8211; CAMMESA &#8211; para la afecci\u00f3n adicional de los flujos de los contratos MEM a la ejecuci\u00f3n del camino del Perilago.<\/p>\n<p><span style=\"color: #0000ff;\"><strong>Sobre el Convenio Marco de Colaboraci\u00f3n<\/strong><\/span><\/p>\n<p>El 26 de Febrero del 2021 se celebr\u00f3 el Convenio entre la Secretar\u00eda de Energ\u00eda y la provincia de San Juan para el Aprovechamiento Hidroenerg\u00e9tico y Multiprop\u00f3sito \u201cTambolar\u201d y F\u00e1brica de Paneles Fotovoltaicos, que tuvo por objeto incorporar el desarrollo del camino del Perilago sobre el R\u00edo San Juan, que se despliega desde el \u201cAprovechamiento Hidroel\u00e9ctrico Los Caracoles\u201d hasta la terminaci\u00f3n del lago futuro del \u201cAprovechamiento Hidroel\u00e9ctrico El Tambolar\u201d a los efectos de reconstruir la vinculaci\u00f3n terrestre entre la Ciudad de San Juan y el departamento Calingasta.<\/p>\n<p>El 18 de enero de 2022 se celebr\u00f3 el Memor\u00e1ndum de Entendimiento entre las partes que firmaron el acuerdo donde se comprometieron a realizar gestiones con la mayor celeridad para la ejecuci\u00f3n de las obras comprometidas en el Convenio, entre ellas, el camino del Perilago.<\/p>\n<\/div>\n<div class=\"clr\"><\/div>\n<div class=\"itemContentFooter\"><span class=\"itemDateModified\">Publicado el Mi\u00e9rcoles, 20 de Julio de\u00a0 2022\u00a0<\/span><\/div>\n","protected":false},"excerpt":{"rendered":"<p>En Buenos Aires, se celebr\u00f3 la r\u00fabrica de la Adenda al Convenio Marco \u201cAprovechamiento Hidroenerg\u00e9tico y Multiprop\u00f3sito \u201cEl Tambolar\u201d y<\/p>\n","protected":false},"author":3,"featured_media":50951,"comment_status":"closed","ping_status":"closed","sticky":false,"template":"","format":"standard","meta":{"_acf_changed":false,"_seopress_robots_primary_cat":"none","_seopress_titles_title":"","_seopress_titles_desc":"","_seopress_robots_index":"","colormag_page_container_layout":"default_layout","colormag_page_sidebar_layout":"default_layout","footnotes":""},"categories":[1],"tags":[],"class_list":["post-50949","post","type-post","status-publish","format-standard","has-post-thumbnail","hentry","category-destacadas"],"acf":[],"_links":{"self":[{"href":"https:\/\/vocesparalelas.com.ar\/sitio\/wp-json\/wp\/v2\/posts\/50949","targetHints":{"allow":["GET"]}}],"collection":[{"href":"https:\/\/vocesparalelas.com.ar\/sitio\/wp-json\/wp\/v2\/posts"}],"about":[{"href":"https:\/\/vocesparalelas.com.ar\/sitio\/wp-json\/wp\/v2\/types\/post"}],"author":[{"embeddable":true,"href":"https:\/\/vocesparalelas.com.ar\/sitio\/wp-json\/wp\/v2\/users\/3"}],"replies":[{"embeddable":true,"href":"https:\/\/vocesparalelas.com.ar\/sitio\/wp-json\/wp\/v2\/comments?post=50949"}],"version-history":[{"count":1,"href":"https:\/\/vocesparalelas.com.ar\/sitio\/wp-json\/wp\/v2\/posts\/50949\/revisions"}],"predecessor-version":[{"id":50952,"href":"https:\/\/vocesparalelas.com.ar\/sitio\/wp-json\/wp\/v2\/posts\/50949\/revisions\/50952"}],"wp:featuredmedia":[{"embeddable":true,"href":"https:\/\/vocesparalelas.com.ar\/sitio\/wp-json\/wp\/v2\/media\/50951"}],"wp:attachment":[{"href":"https:\/\/vocesparalelas.com.ar\/sitio\/wp-json\/wp\/v2\/media?parent=50949"}],"wp:term":[{"taxonomy":"category","embeddable":true,"href":"https:\/\/vocesparalelas.com.ar\/sitio\/wp-json\/wp\/v2\/categories?post=50949"},{"taxonomy":"post_tag","embeddable":true,"href":"https:\/\/vocesparalelas.com.ar\/sitio\/wp-json\/wp\/v2\/tags?post=50949"}],"curies":[{"name":"wp","href":"https:\/\/api.w.org\/{rel}","templated":true}]}}