{"id":50944,"date":"2022-07-19T22:49:38","date_gmt":"2022-07-20T01:49:38","guid":{"rendered":"https:\/\/vocesparalelas.com.ar\/sitio\/?p=50944"},"modified":"2022-07-19T22:49:38","modified_gmt":"2022-07-20T01:49:38","slug":"preocupacion-del-empresariado-con-respecto-al-contexto-inflacionario-y-las-importaciones","status":"publish","type":"post","link":"https:\/\/vocesparalelas.com.ar\/sitio\/preocupacion-del-empresariado-con-respecto-al-contexto-inflacionario-y-las-importaciones\/","title":{"rendered":"\u00abPreocupaci\u00f3n del empresariado con respecto al contexto inflacionario y las importaciones\u00bb"},"content":{"rendered":"<div class=\"itemFullText\">\n<p>El gobernador de San Juan, Dr. Sergio U\u00f1ac, particip\u00f3 junto a sus pares de Entre R\u00edos, CPN Gustavo Bordet y de La Rioja, Gustavo Quintela, en un encuentro en Capital Federal junto al jefe de Gabinete, Dr. Juan Manzur y la ministro de Econom\u00eda de la Naci\u00f3n, Lic. Silvina Batakis.<\/p>\n<p>Durante el encuentro, celebrado en el Palacio de Hacienda, la titular de la cartera econ\u00f3mica interioriz\u00f3 a los mandatarios expuso los lineamientos de gesti\u00f3n de cara los pr\u00f3ximos meses.<\/p>\n<p>Los tres gobernadores, por su parte, coincidieron en expresar su preocupaci\u00f3n frente a la inflaci\u00f3n y la compleja situaci\u00f3n econ\u00f3mica que vive el pa\u00eds.<\/p>\n<p>En ese marco, el gobernador de San Juan, Dr. Sergio U\u00f1ac transmiti\u00f3 la preocupaci\u00f3n del empresariado con respecto al contexto inflacionario y las importaciones.<\/p>\n<p><img loading=\"lazy\" decoding=\"async\" class=\"alignnone size-full wp-image-50947\" src=\"https:\/\/vocesparalelas.com.ar\/sitio\/wp-content\/uploads\/2022\/07\/UNAC-BA-04.jpg\" alt=\"\" width=\"800\" height=\"534\" srcset=\"https:\/\/vocesparalelas.com.ar\/sitio\/wp-content\/uploads\/2022\/07\/UNAC-BA-04.jpg 800w, https:\/\/vocesparalelas.com.ar\/sitio\/wp-content\/uploads\/2022\/07\/UNAC-BA-04-300x200.jpg 300w, https:\/\/vocesparalelas.com.ar\/sitio\/wp-content\/uploads\/2022\/07\/UNAC-BA-04-768x513.jpg 768w\" sizes=\"auto, (max-width: 800px) 100vw, 800px\" \/><\/p>\n<\/div>\n<div class=\"clr\"><\/div>\n<div class=\"itemContentFooter\"><span class=\"itemDateModified\">Publicado el Martes, 19 de Julio de 2022<\/span><\/div>\n","protected":false},"excerpt":{"rendered":"<p>El gobernador de San Juan, Dr. Sergio U\u00f1ac, particip\u00f3 junto a sus pares de Entre R\u00edos, CPN Gustavo Bordet y<\/p>\n","protected":false},"author":3,"featured_media":50946,"comment_status":"closed","ping_status":"closed","sticky":false,"template":"","format":"standard","meta":{"_acf_changed":false,"_seopress_robots_primary_cat":"none","_seopress_titles_title":"","_seopress_titles_desc":"","_seopress_robots_index":"","colormag_page_container_layout":"default_layout","colormag_page_sidebar_layout":"default_layout","footnotes":""},"categories":[1],"tags":[],"class_list":["post-50944","post","type-post","status-publish","format-standard","has-post-thumbnail","hentry","category-destacadas"],"acf":[],"_links":{"self":[{"href":"https:\/\/vocesparalelas.com.ar\/sitio\/wp-json\/wp\/v2\/posts\/50944","targetHints":{"allow":["GET"]}}],"collection":[{"href":"https:\/\/vocesparalelas.com.ar\/sitio\/wp-json\/wp\/v2\/posts"}],"about":[{"href":"https:\/\/vocesparalelas.com.ar\/sitio\/wp-json\/wp\/v2\/types\/post"}],"author":[{"embeddable":true,"href":"https:\/\/vocesparalelas.com.ar\/sitio\/wp-json\/wp\/v2\/users\/3"}],"replies":[{"embeddable":true,"href":"https:\/\/vocesparalelas.com.ar\/sitio\/wp-json\/wp\/v2\/comments?post=50944"}],"version-history":[{"count":1,"href":"https:\/\/vocesparalelas.com.ar\/sitio\/wp-json\/wp\/v2\/posts\/50944\/revisions"}],"predecessor-version":[{"id":50948,"href":"https:\/\/vocesparalelas.com.ar\/sitio\/wp-json\/wp\/v2\/posts\/50944\/revisions\/50948"}],"wp:featuredmedia":[{"embeddable":true,"href":"https:\/\/vocesparalelas.com.ar\/sitio\/wp-json\/wp\/v2\/media\/50946"}],"wp:attachment":[{"href":"https:\/\/vocesparalelas.com.ar\/sitio\/wp-json\/wp\/v2\/media?parent=50944"}],"wp:term":[{"taxonomy":"category","embeddable":true,"href":"https:\/\/vocesparalelas.com.ar\/sitio\/wp-json\/wp\/v2\/categories?post=50944"},{"taxonomy":"post_tag","embeddable":true,"href":"https:\/\/vocesparalelas.com.ar\/sitio\/wp-json\/wp\/v2\/tags?post=50944"}],"curies":[{"name":"wp","href":"https:\/\/api.w.org\/{rel}","templated":true}]}}