{"id":50920,"date":"2022-07-19T19:27:29","date_gmt":"2022-07-19T22:27:29","guid":{"rendered":"https:\/\/vocesparalelas.com.ar\/sitio\/?p=50920"},"modified":"2022-07-23T13:19:51","modified_gmt":"2022-07-23T16:19:51","slug":"deben-presentar-factura-de-julio-2022-los-contratados-de-servicios-generales-y-personal-administrativo-de-educacion-de-san-juan","status":"publish","type":"post","link":"https:\/\/vocesparalelas.com.ar\/sitio\/deben-presentar-factura-de-julio-2022-los-contratados-de-servicios-generales-y-personal-administrativo-de-educacion-de-san-juan\/","title":{"rendered":"Deben presentar factura de Julio 2022 los Contratados de Servicios Generales y personal administrativo de Educaci\u00f3n de San Juan"},"content":{"rendered":"<p>El Ministerio de Educaci\u00f3n del Gobierno de San Juan informa a las personas que poseen Contratos Administrativos de Servicios de Colaboraci\u00f3n, que deben concurrir a su establecimiento educativo para presentar al directivo la Factura Electr\u00f3nica correspondiente a Julio 2022.<\/p>\n<p>La factura puede emitirse a partir del d\u00eda 19 de Julio, una vez firmada por el directivo tienen que llevarla personalmente al Centro C\u00edvico, para entregarla y firmar la Adenda del aumento correspondiente a julio.<\/p>\n<p><span style=\"color: #339966;\"><strong>Cronograma de recepci\u00f3n de facturas del personal de Servicios Generales (porteros)<\/strong><\/span><\/p>\n<p>&nbsp;<\/p>\n<p><img loading=\"lazy\" decoding=\"async\" class=\"alignnone size-full wp-image-50922\" src=\"https:\/\/vocesparalelas.com.ar\/sitio\/wp-content\/uploads\/2022\/07\/PORTEROS-JULIO-01.jpg\" alt=\"\" width=\"800\" height=\"294\" srcset=\"https:\/\/vocesparalelas.com.ar\/sitio\/wp-content\/uploads\/2022\/07\/PORTEROS-JULIO-01.jpg 800w, https:\/\/vocesparalelas.com.ar\/sitio\/wp-content\/uploads\/2022\/07\/PORTEROS-JULIO-01-300x110.jpg 300w, https:\/\/vocesparalelas.com.ar\/sitio\/wp-content\/uploads\/2022\/07\/PORTEROS-JULIO-01-768x282.jpg 768w\" sizes=\"auto, (max-width: 800px) 100vw, 800px\" \/><\/p>\n<div class=\"itemFullText\">\n<p><span style=\"color: #339966;\"><strong>Zonas Alejadas<\/strong><\/span><\/p>\n<p>Las personas contratadas que viven en los departamentos Calingasta, Iglesia, J\u00e1chal y Valle F\u00e9rtil deben entregar la factura electr\u00f3nica impresa a su director. El director debe presentarlas en un sobre en su Unidad de Gesti\u00f3n.<\/p>\n<p><strong>FACTURAS DEBEN SER ELECTR\u00d3NICAS Y CONFECCIONADAS DE LA SIGUIENTE MANERA:<\/strong><\/p>\n<p><strong>FACTURA MES DE JULIO 2022:<\/strong><\/p>\n<p><strong>FECHA DE EMISI\u00d3N:<\/strong>\u00a029\/07\/2022<\/p>\n<p><strong>PERIODO FACTURADO<\/strong>: Desde el 01\/07\/2022 al 31\/07\/2022.<\/p>\n<p><strong>VENCIMIENTO:<\/strong>\u00a031\/08\/2022<\/p>\n<p><strong>CUIT GOBIERNO DE LA PROVINCIA:<\/strong>\u00a030-99901516-2<\/p>\n<p><strong>CONDICI\u00d3N FRENTE AL IVA:<\/strong>\u00a0IVA SUJETO EXENTO<\/p>\n<p><strong>CONDICI\u00d3N DE VENTA:<\/strong>\u00a0OTRA<\/p>\n<p><strong>DETALLE:<\/strong> Pago de honorarios por Contrato Administrativo de Servicio de Colaboraci\u00f3n mes de JULIO de 2022<\/p>\n<p><strong>MONTO A FACTURAR:<\/strong> (PARA PORTEROS): $41.000,00<\/p>\n<p><strong>CONFORMACI\u00d3N DE FACTURA:<\/strong>\u00a0Al Dorso de la factura (en la parte de atr\u00e1s) deber\u00e1 colocar lo siguiente:<\/p>\n<p>\u201cART\u00cdCULOS 6\u00b0 Y 11\u00ba LEY N\u00ba 793-A. CL\u00c1USULA CUARTA DEL CONTRATO ADMINISTRATIVO DE SERVICIOS DE COLABORACI\u00d3N\u201d.<\/p>\n<p>SAN JUAN, 29\/07\/2022.<\/p>\n<p style=\"text-align: right;\"><span style=\"color: #339966;\"><strong>Firma y sello del directivo<\/strong><\/span><\/p>\n<p><strong><span style=\"color: #339966;\">Presentaci\u00f3n de Seguro:<\/span> <\/strong>constancia de pago del mes de julio 2022. Fotocopia legible con datos del asegurado (nombre y apellido), legalizada en el frente por el directivo. En caso de presentar el comprobante de pago emitido por el seguro, el mismo debe tener fecha de julio 2022. Sin excepci\u00f3n.<\/p>\n<p><span style=\"color: #339966;\"><strong>Contratados con funciones administrativas:\u00a0<\/strong><\/span>la factura tienen que presentarla en la Oficina de Personal Administrativo, 2\u00b0 piso, N\u00facleo 2 en Centro C\u00edvico, con el monto correspondiente a cada contrato, los d\u00edas 20 , 21 , 22 , 25 y 26 de julio de 2022, en horario de 07:30 a 12:30.<\/p>\n<\/div>\n<div class=\"clr\"><\/div>\n<div class=\"itemContentFooter\"><span class=\"itemDateModified\">Publicado el Martes, 19 de Julio de 2022\u00a0<\/span><\/div>\n","protected":false},"excerpt":{"rendered":"<p>El Ministerio de Educaci\u00f3n del Gobierno de San Juan informa a las personas que poseen Contratos Administrativos de Servicios de<\/p>\n","protected":false},"author":3,"featured_media":37957,"comment_status":"closed","ping_status":"closed","sticky":false,"template":"","format":"standard","meta":{"_acf_changed":false,"_seopress_robots_primary_cat":"none","_seopress_titles_title":"","_seopress_titles_desc":"","_seopress_robots_index":"","colormag_page_container_layout":"default_layout","colormag_page_sidebar_layout":"default_layout","footnotes":""},"categories":[5],"tags":[],"class_list":["post-50920","post","type-post","status-publish","format-standard","has-post-thumbnail","hentry","category-ofrecimientos"],"acf":[],"_links":{"self":[{"href":"https:\/\/vocesparalelas.com.ar\/sitio\/wp-json\/wp\/v2\/posts\/50920","targetHints":{"allow":["GET"]}}],"collection":[{"href":"https:\/\/vocesparalelas.com.ar\/sitio\/wp-json\/wp\/v2\/posts"}],"about":[{"href":"https:\/\/vocesparalelas.com.ar\/sitio\/wp-json\/wp\/v2\/types\/post"}],"author":[{"embeddable":true,"href":"https:\/\/vocesparalelas.com.ar\/sitio\/wp-json\/wp\/v2\/users\/3"}],"replies":[{"embeddable":true,"href":"https:\/\/vocesparalelas.com.ar\/sitio\/wp-json\/wp\/v2\/comments?post=50920"}],"version-history":[{"count":1,"href":"https:\/\/vocesparalelas.com.ar\/sitio\/wp-json\/wp\/v2\/posts\/50920\/revisions"}],"predecessor-version":[{"id":50923,"href":"https:\/\/vocesparalelas.com.ar\/sitio\/wp-json\/wp\/v2\/posts\/50920\/revisions\/50923"}],"wp:featuredmedia":[{"embeddable":true,"href":"https:\/\/vocesparalelas.com.ar\/sitio\/wp-json\/wp\/v2\/media\/37957"}],"wp:attachment":[{"href":"https:\/\/vocesparalelas.com.ar\/sitio\/wp-json\/wp\/v2\/media?parent=50920"}],"wp:term":[{"taxonomy":"category","embeddable":true,"href":"https:\/\/vocesparalelas.com.ar\/sitio\/wp-json\/wp\/v2\/categories?post=50920"},{"taxonomy":"post_tag","embeddable":true,"href":"https:\/\/vocesparalelas.com.ar\/sitio\/wp-json\/wp\/v2\/tags?post=50920"}],"curies":[{"name":"wp","href":"https:\/\/api.w.org\/{rel}","templated":true}]}}