{"id":50914,"date":"2022-07-19T15:52:12","date_gmt":"2022-07-19T18:52:12","guid":{"rendered":"https:\/\/vocesparalelas.com.ar\/sitio\/?p=50914"},"modified":"2022-07-19T15:52:12","modified_gmt":"2022-07-19T18:52:12","slug":"se-presento-el-programa-rivadavia-futuro","status":"publish","type":"post","link":"https:\/\/vocesparalelas.com.ar\/sitio\/se-presento-el-programa-rivadavia-futuro\/","title":{"rendered":"Se present\u00f3 el Programa \u201cRivadavia + Futuro\u201d"},"content":{"rendered":"<p>La Municipalidad de Rivadavia present\u00f3 el Programa \u00abRivadavia + Futuro\u00bb, brinda nuevos servicios para la comunidad, capacitando a los vecinos en tecnolog\u00edas 4.0.<\/p>\n<p>Buscan formar recursos humanos en oficios emergentes y fomenta la creaci\u00f3n de emprendimientos tecnol\u00f3gicos.<\/p>\n<p>Para el logro de estos objetivos realizaron una serie de capacitaciones sobre Comercio Inteligente, Marketing Digital, Impresiones 3D, Instalaciones de Fibra \u00d3ptica y crearon un Laboratorio Tecnol\u00f3gico.<\/p>\n<figure id=\"attachment_50917\" aria-describedby=\"caption-attachment-50917\" style=\"width: 800px\" class=\"wp-caption alignnone\"><img loading=\"lazy\" decoding=\"async\" class=\"size-full wp-image-50917\" src=\"https:\/\/vocesparalelas.com.ar\/sitio\/wp-content\/uploads\/2022\/07\/RIVADAVIA-FUTURO-020.jpg\" alt=\"\" width=\"800\" height=\"533\" srcset=\"https:\/\/vocesparalelas.com.ar\/sitio\/wp-content\/uploads\/2022\/07\/RIVADAVIA-FUTURO-020.jpg 800w, https:\/\/vocesparalelas.com.ar\/sitio\/wp-content\/uploads\/2022\/07\/RIVADAVIA-FUTURO-020-300x200.jpg 300w, https:\/\/vocesparalelas.com.ar\/sitio\/wp-content\/uploads\/2022\/07\/RIVADAVIA-FUTURO-020-768x512.jpg 768w\" sizes=\"auto, (max-width: 800px) 100vw, 800px\" \/><figcaption id=\"caption-attachment-50917\" class=\"wp-caption-text\">Intendente de la Municipalidad de Rivadavia, Dr. Fabi\u00e1n Mart\u00edn<\/figcaption><\/figure>\n<p>Desde el municipio viene realizando grandes cambios tecnol\u00f3gicos para beneficiar a los vecinos. Implementaron una Web, un centro de servicios que permite realizar tr\u00e1mites on line como el pago de las tasas municipales, la habilitaci\u00f3n expr\u00e9s para comercios, la obtenci\u00f3n de la tarjeta \u201cvecino responsable\u201d, entre otros.<\/p>\n<p>Ahora dan un paso de gran importancia para la sustentabilidad planteada en la gesti\u00f3n, como la iniciaci\u00f3n en la modernizaci\u00f3n de los expedientes para implementar papel 0. De esta manera suman un nuevo eslab\u00f3n al fuerte compromiso con el cuidado del planeta<\/p>\n<p>Se propusieron construir futuro para los habitantes de Rivadavia, pensando una ciudad comprometida con el ambiente, implementado capacitaciones para una r\u00e1pida salida laboral y planificando un Departamento Rivadavia de los pr\u00f3ximos a\u00f1os.<\/p>\n<p><img loading=\"lazy\" decoding=\"async\" class=\"alignnone size-full wp-image-50918\" src=\"https:\/\/vocesparalelas.com.ar\/sitio\/wp-content\/uploads\/2022\/07\/RIVADAVIA-FUTURO-030.jpg\" alt=\"\" width=\"800\" height=\"534\" srcset=\"https:\/\/vocesparalelas.com.ar\/sitio\/wp-content\/uploads\/2022\/07\/RIVADAVIA-FUTURO-030.jpg 800w, https:\/\/vocesparalelas.com.ar\/sitio\/wp-content\/uploads\/2022\/07\/RIVADAVIA-FUTURO-030-300x200.jpg 300w, https:\/\/vocesparalelas.com.ar\/sitio\/wp-content\/uploads\/2022\/07\/RIVADAVIA-FUTURO-030-768x513.jpg 768w\" sizes=\"auto, (max-width: 800px) 100vw, 800px\" \/><\/p>\n<p>&nbsp;<\/p>\n<p>&nbsp;<\/p>\n<p><img loading=\"lazy\" decoding=\"async\" class=\"alignnone size-large wp-image-2493\" src=\"https:\/\/vocesparalelas.com.ar\/sitio\/wp-content\/uploads\/2017\/06\/RIVADAVIA-FRENTE-01-800x534.jpg\" alt=\"\" width=\"800\" height=\"534\" srcset=\"https:\/\/vocesparalelas.com.ar\/sitio\/wp-content\/uploads\/2017\/06\/RIVADAVIA-FRENTE-01-800x534.jpg 800w, https:\/\/vocesparalelas.com.ar\/sitio\/wp-content\/uploads\/2017\/06\/RIVADAVIA-FRENTE-01-300x200.jpg 300w, https:\/\/vocesparalelas.com.ar\/sitio\/wp-content\/uploads\/2017\/06\/RIVADAVIA-FRENTE-01-768x512.jpg 768w, https:\/\/vocesparalelas.com.ar\/sitio\/wp-content\/uploads\/2017\/06\/RIVADAVIA-FRENTE-01.jpg 1000w\" sizes=\"auto, (max-width: 800px) 100vw, 800px\" \/><\/p>\n<p>&nbsp;<\/p>\n<p>Publicado el Martes, 19 de Julio de 2022<\/p>\n","protected":false},"excerpt":{"rendered":"<p>La Municipalidad de Rivadavia present\u00f3 el Programa \u00abRivadavia + Futuro\u00bb, brinda nuevos servicios para la comunidad, capacitando a los vecinos<\/p>\n","protected":false},"author":3,"featured_media":50916,"comment_status":"closed","ping_status":"closed","sticky":false,"template":"","format":"standard","meta":{"_acf_changed":false,"_seopress_robots_primary_cat":"none","_seopress_titles_title":"","_seopress_titles_desc":"","_seopress_robots_index":"","colormag_page_container_layout":"default_layout","colormag_page_sidebar_layout":"default_layout","footnotes":""},"categories":[1],"tags":[],"class_list":["post-50914","post","type-post","status-publish","format-standard","has-post-thumbnail","hentry","category-destacadas"],"acf":[],"_links":{"self":[{"href":"https:\/\/vocesparalelas.com.ar\/sitio\/wp-json\/wp\/v2\/posts\/50914","targetHints":{"allow":["GET"]}}],"collection":[{"href":"https:\/\/vocesparalelas.com.ar\/sitio\/wp-json\/wp\/v2\/posts"}],"about":[{"href":"https:\/\/vocesparalelas.com.ar\/sitio\/wp-json\/wp\/v2\/types\/post"}],"author":[{"embeddable":true,"href":"https:\/\/vocesparalelas.com.ar\/sitio\/wp-json\/wp\/v2\/users\/3"}],"replies":[{"embeddable":true,"href":"https:\/\/vocesparalelas.com.ar\/sitio\/wp-json\/wp\/v2\/comments?post=50914"}],"version-history":[{"count":1,"href":"https:\/\/vocesparalelas.com.ar\/sitio\/wp-json\/wp\/v2\/posts\/50914\/revisions"}],"predecessor-version":[{"id":50919,"href":"https:\/\/vocesparalelas.com.ar\/sitio\/wp-json\/wp\/v2\/posts\/50914\/revisions\/50919"}],"wp:featuredmedia":[{"embeddable":true,"href":"https:\/\/vocesparalelas.com.ar\/sitio\/wp-json\/wp\/v2\/media\/50916"}],"wp:attachment":[{"href":"https:\/\/vocesparalelas.com.ar\/sitio\/wp-json\/wp\/v2\/media?parent=50914"}],"wp:term":[{"taxonomy":"category","embeddable":true,"href":"https:\/\/vocesparalelas.com.ar\/sitio\/wp-json\/wp\/v2\/categories?post=50914"},{"taxonomy":"post_tag","embeddable":true,"href":"https:\/\/vocesparalelas.com.ar\/sitio\/wp-json\/wp\/v2\/tags?post=50914"}],"curies":[{"name":"wp","href":"https:\/\/api.w.org\/{rel}","templated":true}]}}