{"id":50910,"date":"2022-07-19T00:23:36","date_gmt":"2022-07-19T03:23:36","guid":{"rendered":"https:\/\/vocesparalelas.com.ar\/sitio\/?p=50910"},"modified":"2022-07-19T00:23:36","modified_gmt":"2022-07-19T03:23:36","slug":"el-dispositivo-alfa-durante-el-receso-invernal-2022-en-san-juan","status":"publish","type":"post","link":"https:\/\/vocesparalelas.com.ar\/sitio\/el-dispositivo-alfa-durante-el-receso-invernal-2022-en-san-juan\/","title":{"rendered":"El dispositivo ALFA durante el Receso Invernal 2022 en San Juan"},"content":{"rendered":"<p>Con el prop\u00f3sito de fortalecer y vincular a estudiantes que durante el periodo o unidad pedag\u00f3gica 2020 -2021 vieron desfavorecidos sus trayectos curriculares, saberes y capacidades, se implement\u00f3 el dispositivo de Asistencia y Lineamientos Fortalecedores de Aprendizajes &#8211; ALFA -), en el marco del programa Volv\u00e9 a la escuela en San Juan.<\/p>\n<p>ALFA asiste a instituciones educativas de Nivel Primario y Secundario en el 90% del territorio de San Juan.<\/p>\n<p>En escuelas de Educaci\u00f3n Secundaria Orientada y Art\u00edstica trabaja un equipo interdisciplinario, colaborativo, capacitado para la comunicaci\u00f3n y la identificaci\u00f3n de necesidades espec\u00edficas. Los espacios de fortalecimiento integral, cubren los requerimientos de los estudiantes en \u00e1reas espec\u00edficas, como Lengua, Matem\u00e1ticas, F\u00edsica, ingl\u00e9s, Qu\u00edmica, entre otras. Adem\u00e1s se brinda acompa\u00f1amiento socioemocional, estrategias de estudio y orientaci\u00f3n pedag\u00f3gica.<\/p>\n<p>Durante el receso invernal 2022 hay gran participaci\u00f3n y demanda de estudiantes que acuden a las escuelas en b\u00fasqueda del apoyo de los \u201cEducadores Comunitarios\u201d, para a fin de mes presentarse en las mesas de ex\u00e1menes e instancias de evaluaci\u00f3n.<\/p>\n<div class=\"itemFullText\">\n<p><strong><span style=\"color: #339966;\">Escuelas incluidas donde se desarrolla el fortalecimiento<\/span><\/strong><\/p>\n<ul>\n<li>Escuela Secundaria de Tamber\u00edas<\/li>\n<li>Escuela Jorge Luis Borges<\/li>\n<li>Escuela Normal Superior San Mart\u00edn<\/li>\n<li>Escuela Nacional Pablo Cabrera<\/li>\n<li>Escuela Liceo Paula A. de Sarmiento<\/li>\n<li>Escuela Cruce de los Andes<\/li>\n<li>Escuela Normal Superior Sarmiento,<\/li>\n<li>Escuela 9 de Julio<\/li>\n<li>Colegio Provincial de e Rivadavia<\/li>\n<li>Escuela de Nivel Medio Pampa Vieja<\/li>\n<li>Escuela Jorge Washington<\/li>\n<li>Colegio Froil\u00e1n Ferrero<\/li>\n<li>Escuela Jos\u00e9 Mar\u00eda Torres<\/li>\n<li>Escuela Capit\u00e1n de Fragata C. M. Moyano<\/li>\n<li>Escuela Enrique Larreta<\/li>\n<li>Escuela Marcelino Guardiola<\/li>\n<li>Escuela de Valle Grande<\/li>\n<li>Colegio Provincial Santa Luc\u00eda<\/li>\n<li>Escuela Secundario Barreal,<\/li>\n<li>Colegio Superior N\u00b01 de Rawson<\/li>\n<li>Escuela Segundino Navarro<\/li>\n<li>Escuela Ingeniero Enrique Mosconi<\/li>\n<li>Escuela Campa\u00f1a del Desierto<\/li>\n<li>Escuela Manuel Belgrano<\/li>\n<li>Escuela Pedro B. Palacios<\/li>\n<li>Escuela Provincia de Tucum\u00e1n<\/li>\n<li>Escuela San Mart\u00edn de Chimbas<\/li>\n<li>Escuela Leonor S. de Arancibia<\/li>\n<li>Escuela Espa\u00f1a<\/li>\n<li>Escuela de Comercio Nocturna Santiago Cort\u00ednez<\/li>\n<li>Escuela Diego de Salinas<\/li>\n<li>Escuela Andina, entre otras\u2026<\/li>\n<\/ul>\n<\/div>\n<div class=\"clr\"><\/div>\n<div class=\"itemContentFooter\"><span class=\"itemDateModified\">Publicado el Lunes, 18 de Julio de 2022\u00a0<\/span><\/div>\n","protected":false},"excerpt":{"rendered":"<p>Con el prop\u00f3sito de fortalecer y vincular a estudiantes que durante el periodo o unidad pedag\u00f3gica 2020 -2021 vieron desfavorecidos<\/p>\n","protected":false},"author":3,"featured_media":42239,"comment_status":"closed","ping_status":"closed","sticky":false,"template":"","format":"standard","meta":{"_acf_changed":false,"_seopress_robots_primary_cat":"none","_seopress_titles_title":"","_seopress_titles_desc":"","_seopress_robots_index":"","colormag_page_container_layout":"default_layout","colormag_page_sidebar_layout":"default_layout","footnotes":""},"categories":[1],"tags":[],"class_list":["post-50910","post","type-post","status-publish","format-standard","has-post-thumbnail","hentry","category-destacadas"],"acf":[],"_links":{"self":[{"href":"https:\/\/vocesparalelas.com.ar\/sitio\/wp-json\/wp\/v2\/posts\/50910","targetHints":{"allow":["GET"]}}],"collection":[{"href":"https:\/\/vocesparalelas.com.ar\/sitio\/wp-json\/wp\/v2\/posts"}],"about":[{"href":"https:\/\/vocesparalelas.com.ar\/sitio\/wp-json\/wp\/v2\/types\/post"}],"author":[{"embeddable":true,"href":"https:\/\/vocesparalelas.com.ar\/sitio\/wp-json\/wp\/v2\/users\/3"}],"replies":[{"embeddable":true,"href":"https:\/\/vocesparalelas.com.ar\/sitio\/wp-json\/wp\/v2\/comments?post=50910"}],"version-history":[{"count":1,"href":"https:\/\/vocesparalelas.com.ar\/sitio\/wp-json\/wp\/v2\/posts\/50910\/revisions"}],"predecessor-version":[{"id":50912,"href":"https:\/\/vocesparalelas.com.ar\/sitio\/wp-json\/wp\/v2\/posts\/50910\/revisions\/50912"}],"wp:featuredmedia":[{"embeddable":true,"href":"https:\/\/vocesparalelas.com.ar\/sitio\/wp-json\/wp\/v2\/media\/42239"}],"wp:attachment":[{"href":"https:\/\/vocesparalelas.com.ar\/sitio\/wp-json\/wp\/v2\/media?parent=50910"}],"wp:term":[{"taxonomy":"category","embeddable":true,"href":"https:\/\/vocesparalelas.com.ar\/sitio\/wp-json\/wp\/v2\/categories?post=50910"},{"taxonomy":"post_tag","embeddable":true,"href":"https:\/\/vocesparalelas.com.ar\/sitio\/wp-json\/wp\/v2\/tags?post=50910"}],"curies":[{"name":"wp","href":"https:\/\/api.w.org\/{rel}","templated":true}]}}