{"id":50894,"date":"2022-07-18T22:44:35","date_gmt":"2022-07-19T01:44:35","guid":{"rendered":"https:\/\/vocesparalelas.com.ar\/sitio\/?p=50894"},"modified":"2022-07-18T22:44:35","modified_gmt":"2022-07-19T01:44:35","slug":"el-presidente-del-colegio-de-medicos-veterinarios-con-el-gobernador-de-san-juan","status":"publish","type":"post","link":"https:\/\/vocesparalelas.com.ar\/sitio\/el-presidente-del-colegio-de-medicos-veterinarios-con-el-gobernador-de-san-juan\/","title":{"rendered":"El presidente del Colegio de M\u00e9dicos Veterinarios con el Gobernador de San Juan"},"content":{"rendered":"<p>El gobernador de San Juan, Dr. Sergio U\u00f1ac recibi\u00f3 al presidente del Colegio de M\u00e9dicos Veterinarios de San Juan, Dr. \u00c1ngel Frau.<\/p>\n<p>Durante el encuentro, desarrollado en la sala Eloy Camus de Casa de Gobierno, dialogaron sobre el trabajo realizado de manera conjunta y la actualidad del sector que representa.<\/p>\n<p>Finalizada la reuni\u00f3n, Frau cont\u00f3 que \u00abactualmente el Colegio cuenta con aproximadamente 120 socios. Entre las funciones que desarrolla la entidad se encuentra la aprobaci\u00f3n y manejo de psicotr\u00f3picos, control de ventas de productos veterinarios y manejo de libretas sanitarias equinas, caninas y felinas, entre otras que nos deriv\u00f3 Senasa\u00bb.<\/p>\n<p>Respecto al trabajo mancomunado con el Gobierno, puso en valor el constante dialogo con los ministerios de Salud P\u00fablica y de Producci\u00f3n, este a trav\u00e9s de la Direcci\u00f3n de Desarrollo Pecuario, y la Secretar\u00eda de Ambiente y Desarrollo Sustentable. Adem\u00e1s, asegur\u00f3 que se est\u00e1n cumpliendo dos convenios de colaboraci\u00f3n respecto al cuidado de las enfermedades que transmiten humanos a animales y viceversa.<\/p>\n<div class=\"itemFullText\">\n<p>Finalmente asegur\u00f3 que el Colegio de Veterinarios est\u00e1 trabajando en distintas capacitaciones y que uno de los objetivos principales es contar con una sede propia.<\/p>\n<\/div>\n<div class=\"clr\"><\/div>\n<div class=\"itemContentFooter\"><span class=\"itemDateModified\">Publicado el Lunes, 18 de Julio de 2022\u00a0<\/span><\/div>\n","protected":false},"excerpt":{"rendered":"<p>El gobernador de San Juan, Dr. Sergio U\u00f1ac recibi\u00f3 al presidente del Colegio de M\u00e9dicos Veterinarios de San Juan, Dr.<\/p>\n","protected":false},"author":3,"featured_media":50896,"comment_status":"closed","ping_status":"closed","sticky":false,"template":"","format":"standard","meta":{"_acf_changed":false,"_seopress_robots_primary_cat":"none","_seopress_titles_title":"","_seopress_titles_desc":"","_seopress_robots_index":"","colormag_page_container_layout":"default_layout","colormag_page_sidebar_layout":"default_layout","footnotes":""},"categories":[1],"tags":[],"class_list":["post-50894","post","type-post","status-publish","format-standard","has-post-thumbnail","hentry","category-destacadas"],"acf":[],"_links":{"self":[{"href":"https:\/\/vocesparalelas.com.ar\/sitio\/wp-json\/wp\/v2\/posts\/50894","targetHints":{"allow":["GET"]}}],"collection":[{"href":"https:\/\/vocesparalelas.com.ar\/sitio\/wp-json\/wp\/v2\/posts"}],"about":[{"href":"https:\/\/vocesparalelas.com.ar\/sitio\/wp-json\/wp\/v2\/types\/post"}],"author":[{"embeddable":true,"href":"https:\/\/vocesparalelas.com.ar\/sitio\/wp-json\/wp\/v2\/users\/3"}],"replies":[{"embeddable":true,"href":"https:\/\/vocesparalelas.com.ar\/sitio\/wp-json\/wp\/v2\/comments?post=50894"}],"version-history":[{"count":1,"href":"https:\/\/vocesparalelas.com.ar\/sitio\/wp-json\/wp\/v2\/posts\/50894\/revisions"}],"predecessor-version":[{"id":50897,"href":"https:\/\/vocesparalelas.com.ar\/sitio\/wp-json\/wp\/v2\/posts\/50894\/revisions\/50897"}],"wp:featuredmedia":[{"embeddable":true,"href":"https:\/\/vocesparalelas.com.ar\/sitio\/wp-json\/wp\/v2\/media\/50896"}],"wp:attachment":[{"href":"https:\/\/vocesparalelas.com.ar\/sitio\/wp-json\/wp\/v2\/media?parent=50894"}],"wp:term":[{"taxonomy":"category","embeddable":true,"href":"https:\/\/vocesparalelas.com.ar\/sitio\/wp-json\/wp\/v2\/categories?post=50894"},{"taxonomy":"post_tag","embeddable":true,"href":"https:\/\/vocesparalelas.com.ar\/sitio\/wp-json\/wp\/v2\/tags?post=50894"}],"curies":[{"name":"wp","href":"https:\/\/api.w.org\/{rel}","templated":true}]}}