{"id":50883,"date":"2022-07-18T21:43:53","date_gmt":"2022-07-19T00:43:53","guid":{"rendered":"https:\/\/vocesparalelas.com.ar\/sitio\/?p=50883"},"modified":"2022-07-18T21:49:22","modified_gmt":"2022-07-19T00:49:22","slug":"correo-argentino-entrego-vehiculos-electricos-a-sus-delegaciones-de-san-juan","status":"publish","type":"post","link":"https:\/\/vocesparalelas.com.ar\/sitio\/correo-argentino-entrego-vehiculos-electricos-a-sus-delegaciones-de-san-juan\/","title":{"rendered":"Correo Argentino entreg\u00f3 veh\u00edculos el\u00e9ctricos a sus delegaciones de San Juan"},"content":{"rendered":"<div class=\"itemVideoBlock\">\n<div class=\"avPlayerWrapper avVideo\">\n<div class=\"avPlayerContainer\">\n<div id=\"AVPlayerID_0_8652aae4ed8d3284647fa31679277ba7\" class=\"avPlayerBlock\">El gobernador de San Juan, Dr. Sergio U\u00f1ac, presidi\u00f3 el acto de entrega de cinco motos y treinta bicicletas el\u00e9ctricas por parte del Correo Argentino a sus delegaciones de San Juan.<\/div>\n<\/div>\n<\/div>\n<\/div>\n<div class=\"itemFullText\">\n<p>El encuentro se realiz\u00f3 en Casa de Gobierno, donde el primer mandatario provincial estuvo acompa\u00f1ado por la presidenta del Correo Argentino, Vanesa Piesciorovski; el ministro de Gobierno, Dr. Alberto Hensel; autoridades nacionales de la instituci\u00f3n: director interior del Correo Argentino, N\u00e9stor Leguizam\u00f3n; directora institucional, Constanza Navas y delegado regional, Hern\u00e1n Pe\u00f1a. Por la Provincia, estuvieron presentes Rub\u00e9n Pintor, jefe Zonal; intendentes de Pocito, Armando S\u00e1nchez; de Caucete, Romina Rosas; de J\u00e1chal, Miguel Vega y de Calingasta, Jorge Casta\u00f1eda, entre otros funcionarios.<\/p>\n<p><img loading=\"lazy\" decoding=\"async\" class=\"alignnone size-full wp-image-50886\" src=\"https:\/\/vocesparalelas.com.ar\/sitio\/wp-content\/uploads\/2022\/07\/CORREO-ARGENTINO-02.jpg\" alt=\"\" width=\"800\" height=\"533\" srcset=\"https:\/\/vocesparalelas.com.ar\/sitio\/wp-content\/uploads\/2022\/07\/CORREO-ARGENTINO-02.jpg 800w, https:\/\/vocesparalelas.com.ar\/sitio\/wp-content\/uploads\/2022\/07\/CORREO-ARGENTINO-02-300x200.jpg 300w, https:\/\/vocesparalelas.com.ar\/sitio\/wp-content\/uploads\/2022\/07\/CORREO-ARGENTINO-02-768x512.jpg 768w\" sizes=\"auto, (max-width: 800px) 100vw, 800px\" \/><\/p>\n<p>Con un total de 35, los veh\u00edculos entregados a las sucursales departamentales del Correo Argentino consisten en cinco bicicletas el\u00e9ctricas para la delegaci\u00f3n de Capital, mientras que Albard\u00f3n, Alto de Sierra, Caucete, Chimbas, J\u00e1chal, Marquesado y Villa Aberastain recibieron cada una dos\u00a0 movilidades.<\/p>\n<p>Por otra parte, la Localidad de Barreal del Departamento Calingasta, la Localidad de Media Agua del Departamento Sarmiento, La Localidad Rodeo del Departamento Iglesia, del Departamento Valle F\u00e9rtil, la Localidad de Villa El Salvador del Departamento Angaco y la Localidad de Villa Santa Rosa del Departamento 25 de Mayo obtuvieron una bicicleta respectivamente, a la vez que para la Localidad de Villa Krause del Departamento Rawson se destinaron cuatro, lo que totaliza 30 de los rodados.<\/p>\n<p>Con respecto a las motos, el correo destin\u00f3 dos para para el Departamento Capital y una para para los Departamentos de Chimbas, de J\u00e1chal y Localidad de Villa Kraus del Departamento Rawson, respectivamente, que suman 5 veh\u00edculos.<\/p>\n<p><img loading=\"lazy\" decoding=\"async\" class=\"alignnone size-full wp-image-50889\" src=\"https:\/\/vocesparalelas.com.ar\/sitio\/wp-content\/uploads\/2022\/07\/CORREO-ARGENTINO-05.jpg\" alt=\"\" width=\"800\" height=\"533\" srcset=\"https:\/\/vocesparalelas.com.ar\/sitio\/wp-content\/uploads\/2022\/07\/CORREO-ARGENTINO-05.jpg 800w, https:\/\/vocesparalelas.com.ar\/sitio\/wp-content\/uploads\/2022\/07\/CORREO-ARGENTINO-05-300x200.jpg 300w, https:\/\/vocesparalelas.com.ar\/sitio\/wp-content\/uploads\/2022\/07\/CORREO-ARGENTINO-05-768x512.jpg 768w\" sizes=\"auto, (max-width: 800px) 100vw, 800px\" \/><\/p>\n<p>Al comienzo del acto, el Ministro de Gobierno, Dr. Alberto Hensel dijo que \u00abCorreo Argentino estableci\u00f3 una mejora de los servicios, con presencia en todo el territorio nacional. Lo que parec\u00eda muy importante es profundizar y acompa\u00f1ar desde San Juan el proceso que se decidi\u00f3 llevar adelante para mejorar los servicios, en este proceso de la empresa bandera para todos los argentinos\u201d<\/p>\n<p><iframe loading=\"lazy\" title=\"CORREO ARGENTINO SAN JUAN\" width=\"800\" height=\"450\" src=\"https:\/\/www.youtube.com\/embed\/q0hUdQUztOE?feature=oembed\" frameborder=\"0\" allow=\"accelerometer; autoplay; clipboard-write; encrypted-media; gyroscope; picture-in-picture\" allowfullscreen><\/iframe><\/p>\n<p>Seguidamente, la la presidenta del Correo Argentino, Vanesa Piesciorovski\u00a0puso en valor la entrega de veh\u00edculos, \u201cque facilitar\u00e1n el trabajo de todos los empleados y favorecer\u00e1 el cuidado del medioambiente. Record\u00f3 la entrega de vacunas durante la pandemia, en un trabajo mancomunado con la Naci\u00f3n. Adem\u00e1s, la funcionaria destac\u00f3 la importancia de la tarea del Correo Argentino y el objetivo de bregar por una instituci\u00f3n fuerte, comprometida, \u201cque va a cada uno de los lugares de esta provincia y de todo el pa\u00eds. Somos una herramienta de las pol\u00edticas p\u00fablicas porque distribuimos netbooks, medicamentos del Programa Remediar y vacunas. Este primer paso de las movilidades, es un gran esfuerzo, pero vamos por un correo y un pa\u00eds mejor. La sinton\u00eda est\u00e1 en c\u00f3mo mejorar los para la gente. San Juan es la primera provincia en recibir esta entrega\u201d.<\/p>\n<p><iframe loading=\"lazy\" title=\"CORREO ARGENTINO SAN JUAN\" width=\"800\" height=\"450\" src=\"https:\/\/www.youtube.com\/embed\/q_Z5epy5sRw?feature=oembed\" frameborder=\"0\" allow=\"accelerometer; autoplay; clipboard-write; encrypted-media; gyroscope; picture-in-picture\" allowfullscreen><\/iframe><\/p>\n<p>Finalmente, el Gobernador de San Juan, Dr. Sergio U\u00f1ac habl\u00f3 sobre su visita a las instalaciones del correo y puso en valor la instituci\u00f3n.\u00a0\u201cLos ejemplos m\u00e1s claros de construcci\u00f3n de federalismo son, quiz\u00e1s, el Correo Argentino que une personas, junto a Vialidad Nacional que une pueblos. Deben ser las dos instituciones m\u00e1s importantes de ese federalismo que debe ser tangible para todos los argentinos\u201d, manifest\u00f3 el primer mandatario provincial y agradeci\u00f3 a Piesciorovski el acceso a los servicios del correo para modernizar el Registro Civil local\u00bb.<\/p>\n<p><iframe loading=\"lazy\" title=\"CORREO ARGENTINO SAN JUAN\" width=\"800\" height=\"450\" src=\"https:\/\/www.youtube.com\/embed\/wrT8dj3td0k?feature=oembed\" frameborder=\"0\" allow=\"accelerometer; autoplay; clipboard-write; encrypted-media; gyroscope; picture-in-picture\" allowfullscreen><\/iframe><\/p>\n<p>Simb\u00f3licamente, se entregaron las llaves de las movilidades a los empleados responsables de conducirlas.<\/p>\n<p><img loading=\"lazy\" decoding=\"async\" class=\"alignnone size-full wp-image-50887\" src=\"https:\/\/vocesparalelas.com.ar\/sitio\/wp-content\/uploads\/2022\/07\/CORREO-ARGENTINO-03.jpg\" alt=\"\" width=\"800\" height=\"533\" srcset=\"https:\/\/vocesparalelas.com.ar\/sitio\/wp-content\/uploads\/2022\/07\/CORREO-ARGENTINO-03.jpg 800w, https:\/\/vocesparalelas.com.ar\/sitio\/wp-content\/uploads\/2022\/07\/CORREO-ARGENTINO-03-300x200.jpg 300w, https:\/\/vocesparalelas.com.ar\/sitio\/wp-content\/uploads\/2022\/07\/CORREO-ARGENTINO-03-768x512.jpg 768w\" sizes=\"auto, (max-width: 800px) 100vw, 800px\" \/><\/p>\n<p>Adem\u00e1s de los mencionados, se encontraban los presidentes de los concejos deliberantes de la Capital, Ariel Palma y de Chimbas, Noelia Portarolo; el secretario general de FOECYT San Juan, V\u00edctor Ortega y sus pares de Mendoza, Pablo Mor\u00e1n; de La Rioja, V\u00edctor Aballay y el secretario gremial de FOECYT La Rioja, Hugo L\u00f3pez, entre otras autoridades.<\/p>\n<p><img loading=\"lazy\" decoding=\"async\" class=\"alignnone size-full wp-image-50885\" src=\"https:\/\/vocesparalelas.com.ar\/sitio\/wp-content\/uploads\/2022\/07\/CORREO-ARGENTINO-01.jpg\" alt=\"\" width=\"800\" height=\"533\" srcset=\"https:\/\/vocesparalelas.com.ar\/sitio\/wp-content\/uploads\/2022\/07\/CORREO-ARGENTINO-01.jpg 800w, https:\/\/vocesparalelas.com.ar\/sitio\/wp-content\/uploads\/2022\/07\/CORREO-ARGENTINO-01-300x200.jpg 300w, https:\/\/vocesparalelas.com.ar\/sitio\/wp-content\/uploads\/2022\/07\/CORREO-ARGENTINO-01-768x512.jpg 768w\" sizes=\"auto, (max-width: 800px) 100vw, 800px\" \/><\/p>\n<p>Publicado el Lunes, 18 de Julio de 2022<\/p>\n<\/div>\n","protected":false},"excerpt":{"rendered":"<p>El gobernador de San Juan, Dr. Sergio U\u00f1ac, presidi\u00f3 el acto de entrega de cinco motos y treinta bicicletas el\u00e9ctricas<\/p>\n","protected":false},"author":3,"featured_media":50888,"comment_status":"closed","ping_status":"closed","sticky":false,"template":"","format":"video","meta":{"_acf_changed":false,"_seopress_robots_primary_cat":"none","_seopress_titles_title":"","_seopress_titles_desc":"","_seopress_robots_index":"","colormag_page_container_layout":"default_layout","colormag_page_sidebar_layout":"default_layout","footnotes":""},"categories":[1,7],"tags":[],"class_list":["post-50883","post","type-post","status-publish","format-video","has-post-thumbnail","hentry","category-destacadas","category-videos","post_format-post-format-video"],"acf":[],"_links":{"self":[{"href":"https:\/\/vocesparalelas.com.ar\/sitio\/wp-json\/wp\/v2\/posts\/50883","targetHints":{"allow":["GET"]}}],"collection":[{"href":"https:\/\/vocesparalelas.com.ar\/sitio\/wp-json\/wp\/v2\/posts"}],"about":[{"href":"https:\/\/vocesparalelas.com.ar\/sitio\/wp-json\/wp\/v2\/types\/post"}],"author":[{"embeddable":true,"href":"https:\/\/vocesparalelas.com.ar\/sitio\/wp-json\/wp\/v2\/users\/3"}],"replies":[{"embeddable":true,"href":"https:\/\/vocesparalelas.com.ar\/sitio\/wp-json\/wp\/v2\/comments?post=50883"}],"version-history":[{"count":1,"href":"https:\/\/vocesparalelas.com.ar\/sitio\/wp-json\/wp\/v2\/posts\/50883\/revisions"}],"predecessor-version":[{"id":50890,"href":"https:\/\/vocesparalelas.com.ar\/sitio\/wp-json\/wp\/v2\/posts\/50883\/revisions\/50890"}],"wp:featuredmedia":[{"embeddable":true,"href":"https:\/\/vocesparalelas.com.ar\/sitio\/wp-json\/wp\/v2\/media\/50888"}],"wp:attachment":[{"href":"https:\/\/vocesparalelas.com.ar\/sitio\/wp-json\/wp\/v2\/media?parent=50883"}],"wp:term":[{"taxonomy":"category","embeddable":true,"href":"https:\/\/vocesparalelas.com.ar\/sitio\/wp-json\/wp\/v2\/categories?post=50883"},{"taxonomy":"post_tag","embeddable":true,"href":"https:\/\/vocesparalelas.com.ar\/sitio\/wp-json\/wp\/v2\/tags?post=50883"}],"curies":[{"name":"wp","href":"https:\/\/api.w.org\/{rel}","templated":true}]}}