{"id":50870,"date":"2022-07-16T20:31:59","date_gmt":"2022-07-16T23:31:59","guid":{"rendered":"https:\/\/vocesparalelas.com.ar\/sitio\/?p=50870"},"modified":"2022-07-16T20:31:59","modified_gmt":"2022-07-16T23:31:59","slug":"entrega-una-manzana-y-recibi-un-abrazo-en-san-juan","status":"publish","type":"post","link":"https:\/\/vocesparalelas.com.ar\/sitio\/entrega-una-manzana-y-recibi-un-abrazo-en-san-juan\/","title":{"rendered":"Entrega una Manzana y recib\u00ed un abrazo en San Juan"},"content":{"rendered":"<div class=\"itemFullText\">\n<p>Manzanas y abrazos, \u00bfqu\u00e9 tienen en com\u00fan? Aparentemente nada, sin embargo esto envuelve un importante simbolismo para este mes de julio en el que se celebra la \u201cSemana de la Dulzura\u201d y se obsequia una golosina.<\/p>\n<p>Diego S\u00edvori es un profesional de la nutrici\u00f3n observ\u00f3 que finalizada la Semana de la Dulzura, tambi\u00e9n se pod\u00eda complementar a esta iniciativa con ofrecer \u201cuna manzana por un abrazo\u201d; nace as\u00ed la Semana del Manzanazo, incentivando la alimentaci\u00f3n saludable.<\/p>\n<p>Con el prop\u00f3sito de evitar la obesidad por el exceso del consumo de alimentos procesados y una vida sedentaria, es necesario incentivar para que la poblaci\u00f3n ingiera mas frutas y verduras que aportan vitaminas, sales minerales, antioxidantes y fibra; adem\u00e1s son bajas en calor\u00edas y favorece la eliminaci\u00f3n de toxinas del organismo. Las frutas y verduras son fundamentales para la prevenci\u00f3n de enfermedades cr\u00f3nicas como la obesidad.<\/p>\n<p>Desde el Ministerio de Salud P\u00fablica a trav\u00e9s de la Divisi\u00f3n de Nutrici\u00f3n a cargo de la Lic. \u00c9rica Garc\u00eda, se suman a la iniciativa en intercambiar una manzana por un abrazo en la planta baja del Centro C\u00edvico.<\/p>\n<p>Entre tanto la Zona Sanitaria V particip\u00f3 de la iniciativa, congreg\u00e1ndose en la sala de espera del Centro Adiestramiento Rawson, que dirige el Dr. Walter Clavel. La Lic. Yesica Funes quien es la referente de Nutrici\u00f3n del \u00c1rea Program\u00e1tica Rawson junto a su equipo le sum\u00f3 a la actividad \u201cPausa Activa\u201d. Entre ejercicios f\u00edsicos, abrazos y manzanas se prev\u00e9n finalizar la semana el 17 de julio.<\/p>\n<p><img loading=\"lazy\" decoding=\"async\" class=\"alignnone size-full wp-image-50873\" src=\"https:\/\/vocesparalelas.com.ar\/sitio\/wp-content\/uploads\/2022\/07\/MANZANAZO-03.jpg\" alt=\"\" width=\"800\" height=\"534\" srcset=\"https:\/\/vocesparalelas.com.ar\/sitio\/wp-content\/uploads\/2022\/07\/MANZANAZO-03.jpg 800w, https:\/\/vocesparalelas.com.ar\/sitio\/wp-content\/uploads\/2022\/07\/MANZANAZO-03-300x200.jpg 300w, https:\/\/vocesparalelas.com.ar\/sitio\/wp-content\/uploads\/2022\/07\/MANZANAZO-03-768x513.jpg 768w\" sizes=\"auto, (max-width: 800px) 100vw, 800px\" \/><\/p>\n<\/div>\n<div class=\"clr\"><\/div>\n<div class=\"itemContentFooter\"><span class=\"itemDateModified\">Publicado el S\u00e1bado, 16 de Julio de 2022\u00a0<\/span><\/div>\n","protected":false},"excerpt":{"rendered":"<p>Manzanas y abrazos, \u00bfqu\u00e9 tienen en com\u00fan? Aparentemente nada, sin embargo esto envuelve un importante simbolismo para este mes de<\/p>\n","protected":false},"author":3,"featured_media":50872,"comment_status":"closed","ping_status":"closed","sticky":false,"template":"","format":"standard","meta":{"_acf_changed":false,"_seopress_robots_primary_cat":"none","_seopress_titles_title":"","_seopress_titles_desc":"","_seopress_robots_index":"","colormag_page_container_layout":"default_layout","colormag_page_sidebar_layout":"default_layout","footnotes":""},"categories":[1],"tags":[],"class_list":["post-50870","post","type-post","status-publish","format-standard","has-post-thumbnail","hentry","category-destacadas"],"acf":[],"_links":{"self":[{"href":"https:\/\/vocesparalelas.com.ar\/sitio\/wp-json\/wp\/v2\/posts\/50870","targetHints":{"allow":["GET"]}}],"collection":[{"href":"https:\/\/vocesparalelas.com.ar\/sitio\/wp-json\/wp\/v2\/posts"}],"about":[{"href":"https:\/\/vocesparalelas.com.ar\/sitio\/wp-json\/wp\/v2\/types\/post"}],"author":[{"embeddable":true,"href":"https:\/\/vocesparalelas.com.ar\/sitio\/wp-json\/wp\/v2\/users\/3"}],"replies":[{"embeddable":true,"href":"https:\/\/vocesparalelas.com.ar\/sitio\/wp-json\/wp\/v2\/comments?post=50870"}],"version-history":[{"count":1,"href":"https:\/\/vocesparalelas.com.ar\/sitio\/wp-json\/wp\/v2\/posts\/50870\/revisions"}],"predecessor-version":[{"id":50874,"href":"https:\/\/vocesparalelas.com.ar\/sitio\/wp-json\/wp\/v2\/posts\/50870\/revisions\/50874"}],"wp:featuredmedia":[{"embeddable":true,"href":"https:\/\/vocesparalelas.com.ar\/sitio\/wp-json\/wp\/v2\/media\/50872"}],"wp:attachment":[{"href":"https:\/\/vocesparalelas.com.ar\/sitio\/wp-json\/wp\/v2\/media?parent=50870"}],"wp:term":[{"taxonomy":"category","embeddable":true,"href":"https:\/\/vocesparalelas.com.ar\/sitio\/wp-json\/wp\/v2\/categories?post=50870"},{"taxonomy":"post_tag","embeddable":true,"href":"https:\/\/vocesparalelas.com.ar\/sitio\/wp-json\/wp\/v2\/tags?post=50870"}],"curies":[{"name":"wp","href":"https:\/\/api.w.org\/{rel}","templated":true}]}}