{"id":50859,"date":"2022-07-15T22:05:24","date_gmt":"2022-07-16T01:05:24","guid":{"rendered":"https:\/\/vocesparalelas.com.ar\/sitio\/?p=50859"},"modified":"2022-07-19T00:30:20","modified_gmt":"2022-07-19T03:30:20","slug":"el-indec-confirmo-que-entre-el-martes-19-y-el-miercoles-20-de-julio-pagan-a-los-censistas-del-censo-2022","status":"publish","type":"post","link":"https:\/\/vocesparalelas.com.ar\/sitio\/el-indec-confirmo-que-entre-el-martes-19-y-el-miercoles-20-de-julio-pagan-a-los-censistas-del-censo-2022\/","title":{"rendered":"El INDEC confirm\u00f3 que entre el Martes, 19 y el Mi\u00e9rcoles, 20 de Julio pagan a los censistas del CENSO 2022"},"content":{"rendered":"<p>A casi dos meses del CENSO 2022, el Instituto Nacional de Estad\u00edsticas y Censos \u2013 INDEC &#8211; inform\u00f3 que la Tesorer\u00eda General de la Naci\u00f3n transfiri\u00f3 a las cuentas bancarias que el organismo tiene en el Banco Naci\u00f3n el monto de la liquidaci\u00f3n correspondiente a las tareas realizadas por la estructura censal en el marco del Censo Nacional de Poblaci\u00f3n, Hogares y Viviendas 2022.<\/p>\n<p><img loading=\"lazy\" decoding=\"async\" class=\"alignnone size-full wp-image-49102\" src=\"https:\/\/vocesparalelas.com.ar\/sitio\/wp-content\/uploads\/2022\/05\/INDEC-CENSISTAS.jpg\" alt=\"\" width=\"800\" height=\"534\" srcset=\"https:\/\/vocesparalelas.com.ar\/sitio\/wp-content\/uploads\/2022\/05\/INDEC-CENSISTAS.jpg 800w, https:\/\/vocesparalelas.com.ar\/sitio\/wp-content\/uploads\/2022\/05\/INDEC-CENSISTAS-300x200.jpg 300w, https:\/\/vocesparalelas.com.ar\/sitio\/wp-content\/uploads\/2022\/05\/INDEC-CENSISTAS-768x513.jpg 768w\" sizes=\"auto, (max-width: 800px) 100vw, 800px\" \/><\/p>\n<p>La entidad bancaria se encuentra procesando la informaci\u00f3n de las personas que trabajaron en el operativo del mi\u00e9rcoles 18 de mayo para que el pago se realice entre el Martes 19 y el Mi\u00e9rcoles. 20 de Julio. Hasta ahora, se hab\u00edan transferido las sumas no remunerativas de la estructura censal de Catamarca, Chaco, Salta, San Luis y Tucum\u00e1n, el 16 de Junio \u2013 contiene el comunicado del INDEC.<\/p>\n<p>Cabe recordar que una parte de las m\u00e1s de 700 mil personas que participaron del operativo ese d\u00eda contin\u00faan sin cobrar los 6 mil pesos que ofrec\u00eda el Gobierno por las tareas como voluntario.<\/p>\n<p>Un d\u00eda antes de la celebraci\u00f3n del \u00faltimo Censo Nacional de Poblaci\u00f3n, Hogares y Viviendas, el Indec, encargado de coordinar el relevamiento, hab\u00eda firmado un convenio con el Banco de la Naci\u00f3n en el que acordaron que la entidad bancaria acreditara el pago a trav\u00e9s de cuentas corrientes, de cajas de ahorro radicadas en sucursales del banco o en otras entidades integrantes del sistema financiero argentino.<\/p>\n<p>Sin embargo, el proceso se demor\u00f3 y en ese marco, quienes fueron afectados por el retraso en un contexto de alta inflaci\u00f3n \u2013en Mayo la suba de precios alcanz\u00f3 el 64% en los \u00faltimos 12 meses, seg\u00fan el propio organismo- lamentaron la p\u00e9rdida del poder adquisitivo que est\u00e1 afectando a esa remuneraci\u00f3n.<\/p>\n<p>Seg\u00fan confirm\u00f3 una fuente del INDEC, son m\u00e1s de 700 mil personas a las qu\u00e9 hay que pagarles y, previo el pago, se deb\u00eda certificar el cumplimiento de las tareas. En ese marco, ya hay censistas que cobraron los $6.000 aunque hay una gran cantidad que todav\u00eda no lo hizo pero que podr\u00e1 percibirlo entre el Martes, 19 y el Mi\u00e9rcoles, 20 de Julio &#8211; seg\u00fan confirm\u00f3 el propio INDEC.<\/p>\n<p>Compartnos el comunicado del INDEC<\/p>\n<p><a href=\"https:\/\/vocesparalelas.com.ar\/sitio\/wp-content\/uploads\/2022\/07\/El-INDEC-recibio-la-transferencia-de-la-Tesoreria-General-de-la-Nacion-para-realizar-el-pago-a-censistas.pdf\">El INDEC recibi\u00f3 la transferencia de la Tesorer\u00eda General de la Naci\u00f3n para realizar el pago a censistas<\/a><\/p>\n<p>Fuente INFOBAE<\/p>\n<p>Publicado el Viernes, 15 de Julio de 2022<\/p>\n","protected":false},"excerpt":{"rendered":"<p>A casi dos meses del CENSO 2022, el Instituto Nacional de Estad\u00edsticas y Censos \u2013 INDEC &#8211; inform\u00f3 que la<\/p>\n","protected":false},"author":3,"featured_media":49007,"comment_status":"closed","ping_status":"closed","sticky":false,"template":"","format":"standard","meta":{"_acf_changed":false,"_seopress_robots_primary_cat":"none","_seopress_titles_title":"","_seopress_titles_desc":"","_seopress_robots_index":"","colormag_page_container_layout":"default_layout","colormag_page_sidebar_layout":"default_layout","footnotes":""},"categories":[5],"tags":[],"class_list":["post-50859","post","type-post","status-publish","format-standard","has-post-thumbnail","hentry","category-ofrecimientos"],"acf":[],"_links":{"self":[{"href":"https:\/\/vocesparalelas.com.ar\/sitio\/wp-json\/wp\/v2\/posts\/50859","targetHints":{"allow":["GET"]}}],"collection":[{"href":"https:\/\/vocesparalelas.com.ar\/sitio\/wp-json\/wp\/v2\/posts"}],"about":[{"href":"https:\/\/vocesparalelas.com.ar\/sitio\/wp-json\/wp\/v2\/types\/post"}],"author":[{"embeddable":true,"href":"https:\/\/vocesparalelas.com.ar\/sitio\/wp-json\/wp\/v2\/users\/3"}],"replies":[{"embeddable":true,"href":"https:\/\/vocesparalelas.com.ar\/sitio\/wp-json\/wp\/v2\/comments?post=50859"}],"version-history":[{"count":3,"href":"https:\/\/vocesparalelas.com.ar\/sitio\/wp-json\/wp\/v2\/posts\/50859\/revisions"}],"predecessor-version":[{"id":50865,"href":"https:\/\/vocesparalelas.com.ar\/sitio\/wp-json\/wp\/v2\/posts\/50859\/revisions\/50865"}],"wp:featuredmedia":[{"embeddable":true,"href":"https:\/\/vocesparalelas.com.ar\/sitio\/wp-json\/wp\/v2\/media\/49007"}],"wp:attachment":[{"href":"https:\/\/vocesparalelas.com.ar\/sitio\/wp-json\/wp\/v2\/media?parent=50859"}],"wp:term":[{"taxonomy":"category","embeddable":true,"href":"https:\/\/vocesparalelas.com.ar\/sitio\/wp-json\/wp\/v2\/categories?post=50859"},{"taxonomy":"post_tag","embeddable":true,"href":"https:\/\/vocesparalelas.com.ar\/sitio\/wp-json\/wp\/v2\/tags?post=50859"}],"curies":[{"name":"wp","href":"https:\/\/api.w.org\/{rel}","templated":true}]}}