{"id":50834,"date":"2022-07-15T12:05:03","date_gmt":"2022-07-15T15:05:03","guid":{"rendered":"https:\/\/vocesparalelas.com.ar\/sitio\/?p=50834"},"modified":"2022-07-19T00:33:24","modified_gmt":"2022-07-19T03:33:24","slug":"primer-aniversario-de-gestion-en-la-unsj-ordenar-y-proyectar-para-transformar","status":"publish","type":"post","link":"https:\/\/vocesparalelas.com.ar\/sitio\/primer-aniversario-de-gestion-en-la-unsj-ordenar-y-proyectar-para-transformar\/","title":{"rendered":"Primer Aniversario de Gesti\u00f3n en la UNSJ \u00abOrdenar y proyectar, para transformar\u00bb"},"content":{"rendered":"<p>Hoy, 15 de julio, hace un a\u00f1o que \u201cLo imposible se hizo inevitable\u201d. El legado de M\u00f3nica<br \/>\nplasmado en un proyecto donde la igualdad, la inclusi\u00f3n y la excelencia est\u00e1n presentes, para<br \/>\nser llevado adelante con el compromiso y las convicciones que caracterizan al valioso equipo<br \/>\nque nos acompa\u00f1a y a todos los esperanzados luchadores y luchadoras que hicieron posible<br \/>\nesta realidad.<\/p>\n<p>Nuestro proyecto es una invitaci\u00f3n al trabajo conjunto, apostando a un modelo social,<br \/>\ncient\u00edfico, tecnol\u00f3gico y cultural, que nos permita democratizar los saberes y trabajar<br \/>\ncolaborativamente con la comunidad.<\/p>\n<p>No olvidamos que la Universidad, pensada desde su car\u00e1cter acad\u00e9mico, desde su producci\u00f3n<br \/>\ncient\u00edfica y su vinculaci\u00f3n con la comunidad, es esencialmente un proyecto pol\u00edtico, por lo<br \/>\ntanto no podemos aislarnos de los debates de la \u00e9poca que nos interpelan y movilizan.<\/p>\n<p>Si tuvi\u00e9ramos que sintetizar este primer a\u00f1o de gesti\u00f3n, dir\u00edamos que ha sido un a\u00f1o para<br \/>\nordenar y proyectar, para transformar la UNSJ, tarea que se est\u00e1 llevando a cabo a trav\u00e9s de<br \/>\nconsensos con todos los actores de la vida universitaria. Esa es la base de las gestiones que<br \/>\nbuscan obtener resultados que perduren en el tiempo, es decir, que las trasciendan; por ello<br \/>\nnos propusimos ordenar y proyectar para poder verdaderamente transformar.<\/p>\n<p>Hemos promovido una gran apertura y proyecci\u00f3n a la sociedad, apostando a la transparencia<br \/>\ny eficacia.<\/p>\n<p>Agilizamos y ordenamos los sistemas administrativos, adecuamos las normativas, para hacer<br \/>\nm\u00e1s eficiente, transparentes y previsibles los procesos de gesti\u00f3n.<\/p>\n<p>Nuevos retos nos esperan, pero estamos preparados para lo que vendr\u00e1. Mantenernos juntos<br \/>\nes nuestro emblema y nuestra fuerza motora. Los 50 a\u00f1os de la UNSJ nos encontrar\u00e1n viendo<br \/>\nlos frutos de una gesti\u00f3n ordenada.<\/p>\n<p>Gracias por vuestra confianza y por dar lo mejor de ustedes en cada ocasi\u00f3n. Llegar\u00e1n m\u00e1s<br \/>\naniversarios y el \u00e9xito debe expandirse a cada rinc\u00f3n.<\/p>\n<p style=\"text-align: right;\">Tadeo y Anal\u00eda<br \/>\nRector y Vicerrectora UNSJ<\/p>\n<p>Publicado el Viernes, 15 de Julio de 2022<\/p>\n","protected":false},"excerpt":{"rendered":"<p>Hoy, 15 de julio, hace un a\u00f1o que \u201cLo imposible se hizo inevitable\u201d. El legado de M\u00f3nica plasmado en un<\/p>\n","protected":false},"author":3,"featured_media":39494,"comment_status":"closed","ping_status":"closed","sticky":false,"template":"","format":"standard","meta":{"_acf_changed":false,"_seopress_robots_primary_cat":"none","_seopress_titles_title":"","_seopress_titles_desc":"","_seopress_robots_index":"","colormag_page_container_layout":"default_layout","colormag_page_sidebar_layout":"default_layout","footnotes":""},"categories":[10],"tags":[],"class_list":["post-50834","post","type-post","status-publish","format-standard","has-post-thumbnail","hentry","category-opiniones"],"acf":[],"_links":{"self":[{"href":"https:\/\/vocesparalelas.com.ar\/sitio\/wp-json\/wp\/v2\/posts\/50834","targetHints":{"allow":["GET"]}}],"collection":[{"href":"https:\/\/vocesparalelas.com.ar\/sitio\/wp-json\/wp\/v2\/posts"}],"about":[{"href":"https:\/\/vocesparalelas.com.ar\/sitio\/wp-json\/wp\/v2\/types\/post"}],"author":[{"embeddable":true,"href":"https:\/\/vocesparalelas.com.ar\/sitio\/wp-json\/wp\/v2\/users\/3"}],"replies":[{"embeddable":true,"href":"https:\/\/vocesparalelas.com.ar\/sitio\/wp-json\/wp\/v2\/comments?post=50834"}],"version-history":[{"count":1,"href":"https:\/\/vocesparalelas.com.ar\/sitio\/wp-json\/wp\/v2\/posts\/50834\/revisions"}],"predecessor-version":[{"id":50836,"href":"https:\/\/vocesparalelas.com.ar\/sitio\/wp-json\/wp\/v2\/posts\/50834\/revisions\/50836"}],"wp:featuredmedia":[{"embeddable":true,"href":"https:\/\/vocesparalelas.com.ar\/sitio\/wp-json\/wp\/v2\/media\/39494"}],"wp:attachment":[{"href":"https:\/\/vocesparalelas.com.ar\/sitio\/wp-json\/wp\/v2\/media?parent=50834"}],"wp:term":[{"taxonomy":"category","embeddable":true,"href":"https:\/\/vocesparalelas.com.ar\/sitio\/wp-json\/wp\/v2\/categories?post=50834"},{"taxonomy":"post_tag","embeddable":true,"href":"https:\/\/vocesparalelas.com.ar\/sitio\/wp-json\/wp\/v2\/tags?post=50834"}],"curies":[{"name":"wp","href":"https:\/\/api.w.org\/{rel}","templated":true}]}}