{"id":50830,"date":"2022-07-14T22:14:54","date_gmt":"2022-07-15T01:14:54","guid":{"rendered":"https:\/\/vocesparalelas.com.ar\/sitio\/?p=50830"},"modified":"2022-07-14T22:14:54","modified_gmt":"2022-07-15T01:14:54","slug":"jornada-de-la-mesa-provincial-del-ambiente-de-san-juan","status":"publish","type":"post","link":"https:\/\/vocesparalelas.com.ar\/sitio\/jornada-de-la-mesa-provincial-del-ambiente-de-san-juan\/","title":{"rendered":"Jornada de la Mesa Provincial del Ambiente de San Juan"},"content":{"rendered":"<div class=\"itemFullText\">\n<p>En el marco de las reuniones peri\u00f3dicas de la Mesa Provincial del Ambiente, se desarroll\u00f3 una nueva jornada de trabajo en la que participaron los directores y secretarios ambientales de los 19 municipios de San Juan.<\/p>\n<p>El encuentro fue presidido por el secretario de Estado de Ambiente y Desarrollo Sustentable, Francisco Guevara, y tuvo sus ejes de trabajo en los Hogares de Tr\u00e1nsito y Adopci\u00f3n Municipal; la propuesta de la secretar\u00eda de avanzar recolecci\u00f3n diferenciada y separaci\u00f3n de residuos en origen; Registro de Ecoemprededores; capacitaci\u00f3n sobre las leyes 504-L y 522-L y Plan Forestal 2022.<\/p>\n<p>El aprovechamiento de los recursos naturales en el territorio sanjuanino implica una articulaci\u00f3n con todos los sectores involucrados, y resulta imperativo un desarrollo integral en materia de protecci\u00f3n y sustentabilidad. La Mesa Provincial del Ambiente fue creada para profundizar en conjunto las tareas ambientales que deben llevar adelante en todo el territorio provincial.<\/p>\n<p>La relevancia de la reuni\u00f3n fue destacada por Guevara, al indicar que \u201cestos encuentros son fundamentales para lograr la articulaci\u00f3n de todos los sectores involucrados en temas ambientales y profundizar en conjunto las tareas que se deben llevar adelante en todo el territorio provincial\u201d.<\/p>\n<p>En el encuentro tambi\u00e9n estuvieron presentes la subsecretaria de Residuos S\u00f3lidos Urbanos, Gabriela P\u00e9rez; el subsecretario de Conservaci\u00f3n y Desarrollo Sustentable, Jorge Scellato; el director de Articulaci\u00f3n, Nicol\u00e1s Espejo, entre otras autoridades de la Secretar\u00eda de Estado de Ambiente. En representaci\u00f3n de los municipios estuvieron Karen Rodr\u00edguez, por Ullum; Alejandro P\u00e1ez, de Valle F\u00e9rtil; Jos\u00e9 Luis Gim\u00e9nez, de Caucete; Jorge Hern\u00e1ndez, de Iglesia; Alfredo Castro, por Rawson; Pablo P\u00e9rez, de J\u00e1chal; Agustina \u00c1lvarez, de Chimbas; Sabrina Aguilera, de Angaco; Jorge \u00c1vila, de Calingasta; Paula Costilla, en representaci\u00f3n del municipio de Pocito; Emilio Achem, de Santa Luc\u00eda; Andr\u00e9s Bruna, por Capital; Valentina Silveyra, de San Mart\u00edn; Daniel Mut, por Rivadavia; Carolina Donofrio, de Sarmiento y Mar\u00eda Florencia Tapia, de Albard\u00f3n.<\/p>\n<p>El trabajo se centr\u00f3 fundamentalmente en el estado de avance de los municipios en materia de tenencia responsable de mascotas: \u00abLa soluci\u00f3n a la gran cantidad de animales en la calle se debe dar a trav\u00e9s de un trabajo coordinado en el que todos debemos intervenir, por ello es que buscamos trabajar en conjunto para rescatar jaur\u00edas y animales que puedan resultar peligrosos\u00bb, analiz\u00f3 el secretario.<\/p>\n<p>En cuanto a gesti\u00f3n de residuos, desde la Secretar\u00eda de Ambiente se present\u00f3 a los referentes municipales una propuesta que consiste en \u201cimplementar la recolecci\u00f3n diferenciada en toda la provincia, pol\u00edtica en la que se viene trabajando desde que asumimos en diciembre del a\u00f1o pasado\u00bb, inform\u00f3 Guevara.<\/p>\n<p>\u00abActualmente algunos departamentos ya se encuentran trabajando en barrios y con pruebas piloto, pero apuntamos a que San Juan tenga un d\u00eda a la semana de recolecci\u00f3n de residuos reciclables\u201d agreg\u00f3 .<\/p>\n<p>En cuanto la metodolog\u00eda de aplicaci\u00f3n, el secretario expres\u00f3 que \u201cla propuesta consiste en que los vecinos saquen un d\u00eda espec\u00edfico los reciclables que juntaron durante la semana, y la recolecci\u00f3n se haga en el mismo cami\u00f3n que se recolecta normalmente org\u00e1nico e inorg\u00e1nico, de esta forma no se generan nuevos gastos para los municipios. Esta iniciativa tambi\u00e9n propone un fuerte trabajo de educaci\u00f3n ambiental y concientizaci\u00f3n.\u201d<\/p>\n<p>En beneficio de los municipios, habr\u00e1 un descuento en la tasa que se cobra por la recepci\u00f3n de los residuos que se deben separar actualmente en el Parque de Tecnolog\u00edas Ambientales.<\/p>\n<p>Por su parte, la subsecretaria de RSU, Gabriela P\u00e9rez, sum\u00f3 que \u201cel hecho de reunirnos peri\u00f3dicamente es una muestra del compromiso para poder desarrollar actividades con cada municipio de acuerdo a sus realidades particulares, capacidades t\u00e9cnicas para poder ejecutar las actividades y proyectos que propone la Secretar\u00eda\u201d.<\/p>\n<p>En el mismo sentido, Nicol\u00e1s Espejo, a cargo de la Direcci\u00f3n de Articulaci\u00f3n, se\u00f1al\u00f3 que \u201ceste encuentro peri\u00f3dico nos permite trabajar junto a los municipios en los ejes de gesti\u00f3n de las pol\u00edticas ambientales de la provincia, esta reuni\u00f3n nos permite fortalecer los v\u00ednculos con los 19 municipios y articular acciones.\u201d<\/p>\n<\/div>\n<div class=\"clr\"><\/div>\n<div class=\"itemContentFooter\"><span class=\"itemDateModified\">Publicado el Jueves, 14 de Julio de 2022<\/span><\/div>\n","protected":false},"excerpt":{"rendered":"<p>En el marco de las reuniones peri\u00f3dicas de la Mesa Provincial del Ambiente, se desarroll\u00f3 una nueva jornada de trabajo<\/p>\n","protected":false},"author":3,"featured_media":50832,"comment_status":"closed","ping_status":"closed","sticky":false,"template":"","format":"standard","meta":{"_acf_changed":false,"_seopress_robots_primary_cat":"none","_seopress_titles_title":"","_seopress_titles_desc":"","_seopress_robots_index":"","colormag_page_container_layout":"default_layout","colormag_page_sidebar_layout":"default_layout","footnotes":""},"categories":[1],"tags":[],"class_list":["post-50830","post","type-post","status-publish","format-standard","has-post-thumbnail","hentry","category-destacadas"],"acf":[],"_links":{"self":[{"href":"https:\/\/vocesparalelas.com.ar\/sitio\/wp-json\/wp\/v2\/posts\/50830","targetHints":{"allow":["GET"]}}],"collection":[{"href":"https:\/\/vocesparalelas.com.ar\/sitio\/wp-json\/wp\/v2\/posts"}],"about":[{"href":"https:\/\/vocesparalelas.com.ar\/sitio\/wp-json\/wp\/v2\/types\/post"}],"author":[{"embeddable":true,"href":"https:\/\/vocesparalelas.com.ar\/sitio\/wp-json\/wp\/v2\/users\/3"}],"replies":[{"embeddable":true,"href":"https:\/\/vocesparalelas.com.ar\/sitio\/wp-json\/wp\/v2\/comments?post=50830"}],"version-history":[{"count":1,"href":"https:\/\/vocesparalelas.com.ar\/sitio\/wp-json\/wp\/v2\/posts\/50830\/revisions"}],"predecessor-version":[{"id":50833,"href":"https:\/\/vocesparalelas.com.ar\/sitio\/wp-json\/wp\/v2\/posts\/50830\/revisions\/50833"}],"wp:featuredmedia":[{"embeddable":true,"href":"https:\/\/vocesparalelas.com.ar\/sitio\/wp-json\/wp\/v2\/media\/50832"}],"wp:attachment":[{"href":"https:\/\/vocesparalelas.com.ar\/sitio\/wp-json\/wp\/v2\/media?parent=50830"}],"wp:term":[{"taxonomy":"category","embeddable":true,"href":"https:\/\/vocesparalelas.com.ar\/sitio\/wp-json\/wp\/v2\/categories?post=50830"},{"taxonomy":"post_tag","embeddable":true,"href":"https:\/\/vocesparalelas.com.ar\/sitio\/wp-json\/wp\/v2\/tags?post=50830"}],"curies":[{"name":"wp","href":"https:\/\/api.w.org\/{rel}","templated":true}]}}