{"id":50826,"date":"2022-07-14T21:57:21","date_gmt":"2022-07-15T00:57:21","guid":{"rendered":"https:\/\/vocesparalelas.com.ar\/sitio\/?p=50826"},"modified":"2022-07-14T21:57:21","modified_gmt":"2022-07-15T00:57:21","slug":"equipamiento-odontologico-para-el-hospital-dr-cesar-aguilar-y-al-centro-de-adiestramiento-dr-rene-favaloro-de-san-juan","status":"publish","type":"post","link":"https:\/\/vocesparalelas.com.ar\/sitio\/equipamiento-odontologico-para-el-hospital-dr-cesar-aguilar-y-al-centro-de-adiestramiento-dr-rene-favaloro-de-san-juan\/","title":{"rendered":"Equipamiento odontol\u00f3gico para el Hospital Dr. C\u00e9sar Aguilar y al Centro de Adiestramiento Dr. Ren\u00e9 Favaloro de San Juan"},"content":{"rendered":"<div class=\"itemFullText\">\n<p>En la sala de conferencia del tercer piso del Centro C\u00edvico, la ministro de Salud P\u00fablica del Gobierno de San Juan, Dra. Alejandra Venerando, junto a la Secretaria de Planificaci\u00f3n, Dra. Alina Almaz\u00e1n, la directora de Programa Nacionales y Provinciales Lic. Teresa Laciar y el jefe del Departamento de Odontolog\u00eda Dr. Sergio Calvo, hizo entrega de dos \u201cradiovisi\u00f3grafos\u201d destinados al hospital Dr. C\u00e9sar Aguilar, de Caucete y al Centro de Adiestramiento Rawson Dr. Ren\u00e9 Favaloro.<\/p>\n<p>Esta adquisici\u00f3n se logr\u00f3 gracias a los recursos que el Programa Proteger brinda en funci\u00f3n de los cumplimientos de metas sanitarias.<\/p>\n<p>El Dr. Calvo agradeci\u00f3 la compra destacando los beneficios del equipamiento capaz de obtener im\u00e1genes digitales y reemplazando la pel\u00edcula anal\u00f3gica.<\/p>\n<p>Entre tanto la Lic. Laciar manifest\u00f3 que estos importantes logros solo se logran a trav\u00e9s del trabajo articulado con el equipo de la microgesti\u00f3n, con los jefes de las zonas sanitarias, los directores de los hospitales y de sus a\u00e9reas program\u00e1ticas.<\/p>\n<p>La ministro de Salud P\u00fablica, Dra. Alejandra Venerando recalc\u00f3 la importancia de \u201cfortalecer los segundos niveles de atenci\u00f3n creando esta red de odontolog\u00eda, que mejora la calidad de prestaciones para nuestros pacientes de la periferia\u201d. Por \u00faltimo dijo que \u201cnada se puede lograr sin el compromiso de cada uno de los integrantes de los equipos de salud\u201d.<\/p>\n<p>El radiovisi\u00f3grafo es un equipamiento actual y de \u00faltima generaci\u00f3n es necesario para el fortalecimiento del diagn\u00f3stico y tratamientos odontol\u00f3gicos.<\/p>\n<p><span style=\"color: #ff6600;\"><strong>Las ventajas de un radiovisi\u00f3grafo son:<\/strong><\/span><\/p>\n<ul>\n<li>La radiograf\u00eda que emite es clara, grande y de inmediato est\u00e1 a la vista del odont\u00f3logo. Las im\u00e1genes se pueden ampliar, mejorar los contrastes y con el uso de herramientas, el diagn\u00f3stico puede ser m\u00e1s f\u00e1cil y preciso.<\/li>\n<li>Es econ\u00f3mico: basta una inversi\u00f3n inicial y a cambio se tendr\u00e1 un n\u00famero ilimitado de radiograf\u00edas, sin gastar en pel\u00edculas, qu\u00edmicos o tiempos de revelado.<\/li>\n<li>Reduce las emisiones de rayos x, y elimina por completo el manejo de qu\u00edmicos y otro tipo de residuos, el consultorio ser\u00e1 m\u00e1s seguro y limpio.<\/li>\n<li>Logra una comunicaci\u00f3n m\u00e1s f\u00e1cil y asertiva con los pacientes. Las im\u00e1genes son efectivas herramientas para aceptar tratamientos.<\/li>\n<li>Se puede adjuntar la imagen como archivo adjunto en la Historia Cl\u00ednica Digital de ANDES para hacer diagnostico e interconsultas.<\/li>\n<\/ul>\n<p>Del acto participaron el jefe de Zona II a cargo del Dr. Fernando Balmaceda, la jefa de la Zona V, Dra. Ivana Garz\u00f3n, el director del CARF, Dr. Walter Clavel y la directora del Hospital C\u00e9sar Aguilar, Dra. Sandra Gonz\u00e1lez, entre otras autoridades de nivel central .<\/p>\n<p>Publicado el Jueves, 14 de Julio de 2022<\/p>\n<\/div>\n","protected":false},"excerpt":{"rendered":"<p>En la sala de conferencia del tercer piso del Centro C\u00edvico, la ministro de Salud P\u00fablica del Gobierno de San<\/p>\n","protected":false},"author":3,"featured_media":50828,"comment_status":"closed","ping_status":"closed","sticky":false,"template":"","format":"standard","meta":{"_acf_changed":false,"_seopress_robots_primary_cat":"none","_seopress_titles_title":"","_seopress_titles_desc":"","_seopress_robots_index":"","colormag_page_container_layout":"default_layout","colormag_page_sidebar_layout":"default_layout","footnotes":""},"categories":[1],"tags":[],"class_list":["post-50826","post","type-post","status-publish","format-standard","has-post-thumbnail","hentry","category-destacadas"],"acf":[],"_links":{"self":[{"href":"https:\/\/vocesparalelas.com.ar\/sitio\/wp-json\/wp\/v2\/posts\/50826","targetHints":{"allow":["GET"]}}],"collection":[{"href":"https:\/\/vocesparalelas.com.ar\/sitio\/wp-json\/wp\/v2\/posts"}],"about":[{"href":"https:\/\/vocesparalelas.com.ar\/sitio\/wp-json\/wp\/v2\/types\/post"}],"author":[{"embeddable":true,"href":"https:\/\/vocesparalelas.com.ar\/sitio\/wp-json\/wp\/v2\/users\/3"}],"replies":[{"embeddable":true,"href":"https:\/\/vocesparalelas.com.ar\/sitio\/wp-json\/wp\/v2\/comments?post=50826"}],"version-history":[{"count":1,"href":"https:\/\/vocesparalelas.com.ar\/sitio\/wp-json\/wp\/v2\/posts\/50826\/revisions"}],"predecessor-version":[{"id":50829,"href":"https:\/\/vocesparalelas.com.ar\/sitio\/wp-json\/wp\/v2\/posts\/50826\/revisions\/50829"}],"wp:featuredmedia":[{"embeddable":true,"href":"https:\/\/vocesparalelas.com.ar\/sitio\/wp-json\/wp\/v2\/media\/50828"}],"wp:attachment":[{"href":"https:\/\/vocesparalelas.com.ar\/sitio\/wp-json\/wp\/v2\/media?parent=50826"}],"wp:term":[{"taxonomy":"category","embeddable":true,"href":"https:\/\/vocesparalelas.com.ar\/sitio\/wp-json\/wp\/v2\/categories?post=50826"},{"taxonomy":"post_tag","embeddable":true,"href":"https:\/\/vocesparalelas.com.ar\/sitio\/wp-json\/wp\/v2\/tags?post=50826"}],"curies":[{"name":"wp","href":"https:\/\/api.w.org\/{rel}","templated":true}]}}