{"id":50823,"date":"2022-07-14T21:46:41","date_gmt":"2022-07-15T00:46:41","guid":{"rendered":"https:\/\/vocesparalelas.com.ar\/sitio\/?p=50823"},"modified":"2022-07-16T13:46:19","modified_gmt":"2022-07-16T16:46:19","slug":"el-frente-frio-invade-a-san-juan-y-presta-atencion-a-las-recomendaciones","status":"publish","type":"post","link":"https:\/\/vocesparalelas.com.ar\/sitio\/el-frente-frio-invade-a-san-juan-y-presta-atencion-a-las-recomendaciones\/","title":{"rendered":"El frente fr\u00edo invade a San Juan y presta atenci\u00f3n a las recomendaciones"},"content":{"rendered":"<div class=\"itemFullText\">\n<p>La Direcci\u00f3n de Protecci\u00f3n Civil de la Secretar\u00eda de Seguridad y Orden P\u00fablico del Gobierno de San Juan informa que, partir del Jueves, 14 hasta el S\u00e1bado, 16 de Julio inclusive, se espera el ingreso de un frente fr\u00edo para todo el territorio de la provincia de San Juan.<\/p>\n<p>Este fen\u00f3meno produce un gran descenso de temperatura y abundante nubosidad, ocasionando probables precipitaciones aisladas.<\/p>\n<p>La Direcci\u00f3n de Protecci\u00f3n Civil comparte una serie de recomendaciones a tener en cuenta.<\/p>\n<p><span style=\"color: #3366ff;\"><strong>En general<\/strong><\/span><\/p>\n<ul>\n<li>Llevar ropa y calzado adecuado para las bajas temperaturas. Evitar prendas ajustadas para que el aire circule entre la piel y la ropa actuando como aislante.<\/li>\n<li>Protegerse el rostro y la cabeza. Evitar la entrada de aire fr\u00edo en los pulmones.<\/li>\n<li>No realizar ejercicios f\u00edsicos excesivos.<\/li>\n<\/ul>\n<p><span style=\"color: #3366ff;\"><strong>En casa<\/strong><\/span><\/p>\n<ul>\n<li>Revisar el estado de los calefactores a gas. Si tienen calefacci\u00f3n con gas sin salida al exterior, es fundamental ventilar el espacio.<\/li>\n<li>Si usa brasero a le\u00f1a o carb\u00f3n, h\u00e1galo con precauci\u00f3n en ambientes ventilados.<\/li>\n<li>Personas m\u00e1s vulnerables: ancianos, ni\u00f1os y personas con enfermedades respiratorias.<\/li>\n<li>Siempre tener el botiqu\u00edn de primeros auxilios a mano al igual que los tel\u00e9fonos de emergencia.<\/li>\n<li>Tener armada la mochila de emergencia.<\/li>\n<li>Tener previsto un plan de emergencia familiar.<\/li>\n<\/ul>\n<p><span style=\"color: #3366ff;\"><strong>Pr\u00e1cticas de monta\u00f1a<\/strong><\/span><\/p>\n<ul>\n<li>Si realizan excursiones a la monta\u00f1a, es conveniente tener en cuenta los siguientes consejos: Informarse del estado meteorol\u00f3gico de la zona a que se piensa ir, elegir la zona adecuada en funci\u00f3n de la preparaci\u00f3n f\u00edsica y del conocimiento que se tenga de la monta\u00f1a, llevar tel\u00e9fono m\u00f3vil e informarse de los refugios de la zona.<\/li>\n<li>Siempre informarse por los canales oficiales.<\/li>\n<\/ul>\n<p><span style=\"color: #3366ff;\"><strong>Al viajar<\/strong><\/span><\/p>\n<ul>\n<li>Informarse sobre el estado de rutas y caminos y la situaci\u00f3n meteorol\u00f3gica.<\/li>\n<li>Revisar neum\u00e1ticos, frenos y el correcto funcionamiento de las escobillas limpia parabrisas.<\/li>\n<li>Utilizar liquido anticongelante en el sistema de enfriamiento del motor.<\/li>\n<\/ul>\n<p><span style=\"color: #3366ff;\"><strong>Con la llegada del fr\u00edo, tambi\u00e9n se encienden las alertas de intoxicaci\u00f3n por mon\u00f3xido de carbono<\/strong><\/span><\/p>\n<ul>\n<li>Evitar instalar estufas o calefones el\u00e9ctricos en ba\u00f1os o dormitorios. Es recomendable utilizar artefactos de tiro balanceado.<\/li>\n<li>No utilizar la cocina para calentar ambientes. Verificar que la llama sea azul.<\/li>\n<li>Verificar que no se encuentren obstruidos los conductos de chimeneas, estufas o rejillas de ventilaci\u00f3n.<\/li>\n<li>No es recomendable pero, si se usan braseros, encender totalmente el carb\u00f3n o le\u00f1a y apagarlos fuera de la casa. Retirarlos del ambiente.<\/li>\n<\/ul>\n<\/div>\n<div class=\"clr\"><\/div>\n<div class=\"itemContentFooter\"><span class=\"itemDateModified\">Publicado el Jueves, 14 de Julio de 2022<\/span><\/div>\n","protected":false},"excerpt":{"rendered":"<p>La Direcci\u00f3n de Protecci\u00f3n Civil de la Secretar\u00eda de Seguridad y Orden P\u00fablico del Gobierno de San Juan informa que,<\/p>\n","protected":false},"author":3,"featured_media":1815,"comment_status":"closed","ping_status":"closed","sticky":false,"template":"","format":"standard","meta":{"_acf_changed":false,"_seopress_robots_primary_cat":"none","_seopress_titles_title":"","_seopress_titles_desc":"","_seopress_robots_index":"","colormag_page_container_layout":"default_layout","colormag_page_sidebar_layout":"default_layout","footnotes":""},"categories":[6],"tags":[],"class_list":["post-50823","post","type-post","status-publish","format-standard","has-post-thumbnail","hentry","category-eventos"],"acf":[],"_links":{"self":[{"href":"https:\/\/vocesparalelas.com.ar\/sitio\/wp-json\/wp\/v2\/posts\/50823","targetHints":{"allow":["GET"]}}],"collection":[{"href":"https:\/\/vocesparalelas.com.ar\/sitio\/wp-json\/wp\/v2\/posts"}],"about":[{"href":"https:\/\/vocesparalelas.com.ar\/sitio\/wp-json\/wp\/v2\/types\/post"}],"author":[{"embeddable":true,"href":"https:\/\/vocesparalelas.com.ar\/sitio\/wp-json\/wp\/v2\/users\/3"}],"replies":[{"embeddable":true,"href":"https:\/\/vocesparalelas.com.ar\/sitio\/wp-json\/wp\/v2\/comments?post=50823"}],"version-history":[{"count":1,"href":"https:\/\/vocesparalelas.com.ar\/sitio\/wp-json\/wp\/v2\/posts\/50823\/revisions"}],"predecessor-version":[{"id":50825,"href":"https:\/\/vocesparalelas.com.ar\/sitio\/wp-json\/wp\/v2\/posts\/50823\/revisions\/50825"}],"wp:featuredmedia":[{"embeddable":true,"href":"https:\/\/vocesparalelas.com.ar\/sitio\/wp-json\/wp\/v2\/media\/1815"}],"wp:attachment":[{"href":"https:\/\/vocesparalelas.com.ar\/sitio\/wp-json\/wp\/v2\/media?parent=50823"}],"wp:term":[{"taxonomy":"category","embeddable":true,"href":"https:\/\/vocesparalelas.com.ar\/sitio\/wp-json\/wp\/v2\/categories?post=50823"},{"taxonomy":"post_tag","embeddable":true,"href":"https:\/\/vocesparalelas.com.ar\/sitio\/wp-json\/wp\/v2\/tags?post=50823"}],"curies":[{"name":"wp","href":"https:\/\/api.w.org\/{rel}","templated":true}]}}