{"id":50818,"date":"2022-07-14T21:39:10","date_gmt":"2022-07-15T00:39:10","guid":{"rendered":"https:\/\/vocesparalelas.com.ar\/sitio\/?p=50818"},"modified":"2022-07-14T21:39:10","modified_gmt":"2022-07-15T00:39:10","slug":"encuentro-con-el-delegado-naval-de-la-armada-argentina-en-san-juan","status":"publish","type":"post","link":"https:\/\/vocesparalelas.com.ar\/sitio\/encuentro-con-el-delegado-naval-de-la-armada-argentina-en-san-juan\/","title":{"rendered":"Encuentro con el delegado Naval de la Armada Argentina en San Juan"},"content":{"rendered":"<div class=\"itemFullText\">\n<p>El gobernador de San Juan, Dr. Sergio U\u00f1ac\u00a0recibi\u00f3 en Casa de Gobierno al delegado naval de la Armada Argentina en San Juan, Suboficial Principal Oscar Alejandro P\u00e9rez.<\/p>\n<p>El encuentro tuvo lugar tras un largo periodo pand\u00e9mico que imposibilit\u00f3 la visita al gobernador. La reuni\u00f3n tuvo como eje un amplio y detallado an\u00e1lisis del trabajo mancomunado entre la Armada Argentina y la provincia de San Juan, as\u00ed como tambi\u00e9n la presentaci\u00f3n de los saludos oficiales al\u00a0gobernador Dr. Sergio U\u00f1ac.<\/p>\n<p>Al t\u00e9rmino de la visita, el suboficial principal P\u00e9rez dio detalles del encuentro manifestando que \u201cfuimos citados en el d\u00eda de la fecha por el gobernador para un saludo protocolar debido a que antes, por razones de amplio conocimiento, como el caso de la pandemia, no se pude efectuar. Para nosotros fue un placer que nos pueda recibir en Casa de Gobierno\u201d.<\/p>\n<p>Cabe destacar que este fue el primer encuentro entre el suboficial principal Oscar Alejandro P\u00e9rez y el gobernador Dr. Sergio U\u00f1ac.<\/p>\n<p><iframe loading=\"lazy\" title=\"El Delegado Naval de la Armada Argentina fue recibido por el gobernador de San Juan\" width=\"800\" height=\"450\" src=\"https:\/\/www.youtube.com\/embed\/Xt8CBodQh9E?feature=oembed\" frameborder=\"0\" allow=\"accelerometer; autoplay; clipboard-write; encrypted-media; gyroscope; picture-in-picture\" allowfullscreen><\/iframe><\/p>\n<div class=\"embera-embed-responsive embera-embed-responsive-video embera-embed-responsive-provider-youtube\">\u00a0Publicado el Jueves, 14 de Julio de 2022<\/div>\n<\/div>\n","protected":false},"excerpt":{"rendered":"<p>El gobernador de San Juan, Dr. Sergio U\u00f1ac\u00a0recibi\u00f3 en Casa de Gobierno al delegado naval de la Armada Argentina en<\/p>\n","protected":false},"author":3,"featured_media":50820,"comment_status":"closed","ping_status":"closed","sticky":false,"template":"","format":"video","meta":{"_acf_changed":false,"_seopress_robots_primary_cat":"none","_seopress_titles_title":"","_seopress_titles_desc":"","_seopress_robots_index":"","colormag_page_container_layout":"default_layout","colormag_page_sidebar_layout":"default_layout","footnotes":""},"categories":[1,7],"tags":[],"class_list":["post-50818","post","type-post","status-publish","format-video","has-post-thumbnail","hentry","category-destacadas","category-videos","post_format-post-format-video"],"acf":[],"_links":{"self":[{"href":"https:\/\/vocesparalelas.com.ar\/sitio\/wp-json\/wp\/v2\/posts\/50818","targetHints":{"allow":["GET"]}}],"collection":[{"href":"https:\/\/vocesparalelas.com.ar\/sitio\/wp-json\/wp\/v2\/posts"}],"about":[{"href":"https:\/\/vocesparalelas.com.ar\/sitio\/wp-json\/wp\/v2\/types\/post"}],"author":[{"embeddable":true,"href":"https:\/\/vocesparalelas.com.ar\/sitio\/wp-json\/wp\/v2\/users\/3"}],"replies":[{"embeddable":true,"href":"https:\/\/vocesparalelas.com.ar\/sitio\/wp-json\/wp\/v2\/comments?post=50818"}],"version-history":[{"count":1,"href":"https:\/\/vocesparalelas.com.ar\/sitio\/wp-json\/wp\/v2\/posts\/50818\/revisions"}],"predecessor-version":[{"id":50821,"href":"https:\/\/vocesparalelas.com.ar\/sitio\/wp-json\/wp\/v2\/posts\/50818\/revisions\/50821"}],"wp:featuredmedia":[{"embeddable":true,"href":"https:\/\/vocesparalelas.com.ar\/sitio\/wp-json\/wp\/v2\/media\/50820"}],"wp:attachment":[{"href":"https:\/\/vocesparalelas.com.ar\/sitio\/wp-json\/wp\/v2\/media?parent=50818"}],"wp:term":[{"taxonomy":"category","embeddable":true,"href":"https:\/\/vocesparalelas.com.ar\/sitio\/wp-json\/wp\/v2\/categories?post=50818"},{"taxonomy":"post_tag","embeddable":true,"href":"https:\/\/vocesparalelas.com.ar\/sitio\/wp-json\/wp\/v2\/tags?post=50818"}],"curies":[{"name":"wp","href":"https:\/\/api.w.org\/{rel}","templated":true}]}}