{"id":50814,"date":"2022-07-14T21:30:45","date_gmt":"2022-07-15T00:30:45","guid":{"rendered":"https:\/\/vocesparalelas.com.ar\/sitio\/?p=50814"},"modified":"2022-07-16T13:49:36","modified_gmt":"2022-07-16T16:49:36","slug":"capacitacion-del-programa-mujeres-2-de-san-juan","status":"publish","type":"post","link":"https:\/\/vocesparalelas.com.ar\/sitio\/capacitacion-del-programa-mujeres-2-de-san-juan\/","title":{"rendered":"Capacitaci\u00f3n del Programa Mujeres + 2 de San Juan"},"content":{"rendered":"<div class=\"itemBody\">\n<div class=\"itemFullText\">\n<p>El programa Mujeres + 2 comenz\u00f3 sus capacitaciones para las 35 emprendedoras seleccionadas de esta edici\u00f3n. Este encuentro tuvo lugar en la Red para Emprender, ubicada en Catamarca y Avenida Ignacio de la Roza.<\/p>\n<p>Esta iniciativa surge del Ministerio de Producci\u00f3n y Desarrollo Econ\u00f3mico del Gobierno de San Juan a trav\u00e9s de la Secretar\u00eda de Industria, Comercio y Servicios coordinada por la directora de Industria y comercio, Victoria Castro y la Subdirectora, Gabriela Calder\u00f3n con parte del equipo de la direcci\u00f3n integrado por Marcelo Cuenca, Sof\u00eda S\u00e1nchez, Jorge Miranda y Mariela Arancibia.<\/p>\n<p>La capacitaci\u00f3n estuvo a cargo de los coachs Eliana Lepez y Juan Bustamante.<\/p>\n<p><span style=\"color: #99cc00;\"><strong>Mujeres + 2<\/strong><\/span><\/p>\n<p>El objetivo general de esta iniciativa es generar capacidades empresariales, brindando conocimientos y acompa\u00f1amiento t\u00e9cnico-profesional, a fin de lograr el fortalecimiento y sustentabilidad de sus empresas a trav\u00e9s de una mayor competitividad. Con este fin, se suman al programa tutores y mentores encargados de acompa\u00f1ar, guiar y potenciar los proyectos aprobados con un seguimiento continuo y en contacto permanente con los beneficiarios.<\/p>\n<p>Est\u00e1 destinado a mujeres emprendedoras que posean iniciativas para lograr su desarrollo personal y laboral, que tengan su propio emprendimiento o aquellas con ideas viables que le permitan reinsertarse en el campo laboral. Est\u00e1n contemplados en Mujeres + 2 aquellos emprendimientos que ya se encuentren en instancia de puesta en marcha o en estadio de crecimiento.<\/p>\n<p>El cr\u00e9dito destinado a emprendedoras en estadio de Puesta en Marcha, asciende hasta la suma de $400.000 (cuatrocientos mil pesos con 00\/100) por beneficiaria.<\/p>\n<\/div>\n<div class=\"clr\"><\/div>\n<div class=\"itemContentFooter\">\n<p><span class=\"itemDateModified\">Publicado el Jueves, 14 de Julio de 2022<\/span><\/p>\n<div class=\"clr\"><\/div>\n<\/div>\n<div class=\"clr\"><\/div>\n<\/div>\n","protected":false},"excerpt":{"rendered":"<p>El programa Mujeres + 2 comenz\u00f3 sus capacitaciones para las 35 emprendedoras seleccionadas de esta edici\u00f3n. Este encuentro tuvo lugar<\/p>\n","protected":false},"author":3,"featured_media":50816,"comment_status":"closed","ping_status":"closed","sticky":false,"template":"","format":"standard","meta":{"_acf_changed":false,"_seopress_robots_primary_cat":"none","_seopress_titles_title":"","_seopress_titles_desc":"","_seopress_robots_index":"","colormag_page_container_layout":"default_layout","colormag_page_sidebar_layout":"default_layout","footnotes":""},"categories":[9],"tags":[],"class_list":["post-50814","post","type-post","status-publish","format-standard","has-post-thumbnail","hentry","category-cursos"],"acf":[],"_links":{"self":[{"href":"https:\/\/vocesparalelas.com.ar\/sitio\/wp-json\/wp\/v2\/posts\/50814","targetHints":{"allow":["GET"]}}],"collection":[{"href":"https:\/\/vocesparalelas.com.ar\/sitio\/wp-json\/wp\/v2\/posts"}],"about":[{"href":"https:\/\/vocesparalelas.com.ar\/sitio\/wp-json\/wp\/v2\/types\/post"}],"author":[{"embeddable":true,"href":"https:\/\/vocesparalelas.com.ar\/sitio\/wp-json\/wp\/v2\/users\/3"}],"replies":[{"embeddable":true,"href":"https:\/\/vocesparalelas.com.ar\/sitio\/wp-json\/wp\/v2\/comments?post=50814"}],"version-history":[{"count":2,"href":"https:\/\/vocesparalelas.com.ar\/sitio\/wp-json\/wp\/v2\/posts\/50814\/revisions"}],"predecessor-version":[{"id":50869,"href":"https:\/\/vocesparalelas.com.ar\/sitio\/wp-json\/wp\/v2\/posts\/50814\/revisions\/50869"}],"wp:featuredmedia":[{"embeddable":true,"href":"https:\/\/vocesparalelas.com.ar\/sitio\/wp-json\/wp\/v2\/media\/50816"}],"wp:attachment":[{"href":"https:\/\/vocesparalelas.com.ar\/sitio\/wp-json\/wp\/v2\/media?parent=50814"}],"wp:term":[{"taxonomy":"category","embeddable":true,"href":"https:\/\/vocesparalelas.com.ar\/sitio\/wp-json\/wp\/v2\/categories?post=50814"},{"taxonomy":"post_tag","embeddable":true,"href":"https:\/\/vocesparalelas.com.ar\/sitio\/wp-json\/wp\/v2\/tags?post=50814"}],"curies":[{"name":"wp","href":"https:\/\/api.w.org\/{rel}","templated":true}]}}