{"id":50811,"date":"2022-07-14T21:23:18","date_gmt":"2022-07-15T00:23:18","guid":{"rendered":"https:\/\/vocesparalelas.com.ar\/sitio\/?p=50811"},"modified":"2022-07-15T17:27:54","modified_gmt":"2022-07-15T20:27:54","slug":"se-reprograma-la-busqueda-del-tesoro-parque-de-la-biodiversidad-de-san-juan","status":"publish","type":"post","link":"https:\/\/vocesparalelas.com.ar\/sitio\/se-reprograma-la-busqueda-del-tesoro-parque-de-la-biodiversidad-de-san-juan\/","title":{"rendered":"Se reprograma la \u00abB\u00fasqueda del Tesoro\u00bb Parque de la Biodiversidad de San Juan"},"content":{"rendered":"<div class=\"itemFullText\">\n<p>La Secretar\u00eda de Estado de Ambiente y Desarrollo Sustentable del Gobierno de San Juan, a trav\u00e9s del Parque de la Biodiversidad, realiza una serie de actividades para chicos y grandes durante el receso invernal.<\/p>\n<p>Adem\u00e1s de las visitas guiadas que se realizan de Lunes a Viernes, de 13 a 18 horas y S\u00e1bados y Domingos de 11 a 18, el Parque ofrece avistaje de aves con checklist; y B\u00fasqueda de Tesoro\u00a0para ni\u00f1os de entre 7 a 12 a\u00f1os.<\/p>\n<p>La B\u00fasqueda del Tesoro prevista para el Viernes, 15 de Julio, se reprograma por pron\u00f3stico de lluvias y se realiza el Martes, 19 de Julio, a las 10:00 hs.; mientras que la prevista para el Viernes, 22 de Julio, a las 10:00 horas, contin\u00faa vigente, ambas actividades con cupos de inscripci\u00f3n completos.<\/p>\n<p>Avistaje de Aves: el 17; el 23 y el 24 de Julio, a las 15:00 hs., se realiza avistaje de aves de forma gratuita con premios; actividad sin previa inscripci\u00f3n.<\/p>\n<p>Todas las actividades durante el receso invernal son gratuitas.<\/p>\n<\/div>\n<div class=\"itemContentFooter\"><span class=\"itemDateModified\">Publicado el Jueves, 14 de Julio de 2022\u00a0<\/span><\/div>\n","protected":false},"excerpt":{"rendered":"<p>La Secretar\u00eda de Estado de Ambiente y Desarrollo Sustentable del Gobierno de San Juan, a trav\u00e9s del Parque de la<\/p>\n","protected":false},"author":3,"featured_media":43302,"comment_status":"closed","ping_status":"closed","sticky":false,"template":"","format":"standard","meta":{"_acf_changed":false,"_seopress_robots_primary_cat":"none","_seopress_titles_title":"","_seopress_titles_desc":"","_seopress_robots_index":"","colormag_page_container_layout":"default_layout","colormag_page_sidebar_layout":"default_layout","footnotes":""},"categories":[6],"tags":[],"class_list":["post-50811","post","type-post","status-publish","format-standard","has-post-thumbnail","hentry","category-eventos"],"acf":[],"_links":{"self":[{"href":"https:\/\/vocesparalelas.com.ar\/sitio\/wp-json\/wp\/v2\/posts\/50811","targetHints":{"allow":["GET"]}}],"collection":[{"href":"https:\/\/vocesparalelas.com.ar\/sitio\/wp-json\/wp\/v2\/posts"}],"about":[{"href":"https:\/\/vocesparalelas.com.ar\/sitio\/wp-json\/wp\/v2\/types\/post"}],"author":[{"embeddable":true,"href":"https:\/\/vocesparalelas.com.ar\/sitio\/wp-json\/wp\/v2\/users\/3"}],"replies":[{"embeddable":true,"href":"https:\/\/vocesparalelas.com.ar\/sitio\/wp-json\/wp\/v2\/comments?post=50811"}],"version-history":[{"count":1,"href":"https:\/\/vocesparalelas.com.ar\/sitio\/wp-json\/wp\/v2\/posts\/50811\/revisions"}],"predecessor-version":[{"id":50813,"href":"https:\/\/vocesparalelas.com.ar\/sitio\/wp-json\/wp\/v2\/posts\/50811\/revisions\/50813"}],"wp:featuredmedia":[{"embeddable":true,"href":"https:\/\/vocesparalelas.com.ar\/sitio\/wp-json\/wp\/v2\/media\/43302"}],"wp:attachment":[{"href":"https:\/\/vocesparalelas.com.ar\/sitio\/wp-json\/wp\/v2\/media?parent=50811"}],"wp:term":[{"taxonomy":"category","embeddable":true,"href":"https:\/\/vocesparalelas.com.ar\/sitio\/wp-json\/wp\/v2\/categories?post=50811"},{"taxonomy":"post_tag","embeddable":true,"href":"https:\/\/vocesparalelas.com.ar\/sitio\/wp-json\/wp\/v2\/tags?post=50811"}],"curies":[{"name":"wp","href":"https:\/\/api.w.org\/{rel}","templated":true}]}}