{"id":50738,"date":"2022-07-19T11:25:42","date_gmt":"2022-07-19T14:25:42","guid":{"rendered":"https:\/\/vocesparalelas.com.ar\/sitio\/?p=50738"},"modified":"2022-07-20T12:27:26","modified_gmt":"2022-07-20T15:27:26","slug":"cuenta-cuentos-en-vacaciones-de-invierno-en-la-casa-historica-de-sarmiento","status":"publish","type":"post","link":"https:\/\/vocesparalelas.com.ar\/sitio\/cuenta-cuentos-en-vacaciones-de-invierno-en-la-casa-historica-de-sarmiento\/","title":{"rendered":"\u00abCuenta Cuentos en Vacaciones de Invierno\u00bb en la Casa Hist\u00f3rica de Sarmiento"},"content":{"rendered":"<p>El Museo y Biblioteca Casa Natal de Sarmiento invita a la familia el Mi\u00e9rcoles, 13 y el Mi\u00e9rcoles, 20 de Julio, a las 16 hs., con entrada libre y gratuita, a participar de una actividad recreativa de \u00edndole esc\u00e9nica presencial, donde se relatan cuentos e historias de manera interactiva y musicalizadas.<\/p>\n<p>Es un espacio de lectura compartida para el esparcimiento y goce de las infancias y sus familias durante el receso escolar de inverno.<\/p>\n<p><img loading=\"lazy\" decoding=\"async\" class=\"alignnone size-full wp-image-50744\" src=\"https:\/\/vocesparalelas.com.ar\/sitio\/wp-content\/uploads\/2022\/07\/cuenta-01.jpg\" alt=\"\" width=\"800\" height=\"800\" srcset=\"https:\/\/vocesparalelas.com.ar\/sitio\/wp-content\/uploads\/2022\/07\/cuenta-01.jpg 800w, https:\/\/vocesparalelas.com.ar\/sitio\/wp-content\/uploads\/2022\/07\/cuenta-01-300x300.jpg 300w, https:\/\/vocesparalelas.com.ar\/sitio\/wp-content\/uploads\/2022\/07\/cuenta-01-150x150.jpg 150w, https:\/\/vocesparalelas.com.ar\/sitio\/wp-content\/uploads\/2022\/07\/cuenta-01-768x768.jpg 768w\" sizes=\"auto, (max-width: 800px) 100vw, 800px\" \/><\/p>\n<p>Publicado el Martes, 12 de Julio de 2022<\/p>\n","protected":false},"excerpt":{"rendered":"<p>El Museo y Biblioteca Casa Natal de Sarmiento invita a la familia el Mi\u00e9rcoles, 13 y el Mi\u00e9rcoles, 20 de<\/p>\n","protected":false},"author":3,"featured_media":41747,"comment_status":"closed","ping_status":"closed","sticky":false,"template":"","format":"standard","meta":{"_acf_changed":false,"_seopress_robots_primary_cat":"none","_seopress_titles_title":"","_seopress_titles_desc":"","_seopress_robots_index":"","colormag_page_container_layout":"default_layout","colormag_page_sidebar_layout":"default_layout","footnotes":""},"categories":[20],"tags":[],"class_list":["post-50738","post","type-post","status-publish","format-standard","has-post-thumbnail","hentry","category-cartelera"],"acf":[],"_links":{"self":[{"href":"https:\/\/vocesparalelas.com.ar\/sitio\/wp-json\/wp\/v2\/posts\/50738","targetHints":{"allow":["GET"]}}],"collection":[{"href":"https:\/\/vocesparalelas.com.ar\/sitio\/wp-json\/wp\/v2\/posts"}],"about":[{"href":"https:\/\/vocesparalelas.com.ar\/sitio\/wp-json\/wp\/v2\/types\/post"}],"author":[{"embeddable":true,"href":"https:\/\/vocesparalelas.com.ar\/sitio\/wp-json\/wp\/v2\/users\/3"}],"replies":[{"embeddable":true,"href":"https:\/\/vocesparalelas.com.ar\/sitio\/wp-json\/wp\/v2\/comments?post=50738"}],"version-history":[{"count":2,"href":"https:\/\/vocesparalelas.com.ar\/sitio\/wp-json\/wp\/v2\/posts\/50738\/revisions"}],"predecessor-version":[{"id":50745,"href":"https:\/\/vocesparalelas.com.ar\/sitio\/wp-json\/wp\/v2\/posts\/50738\/revisions\/50745"}],"wp:featuredmedia":[{"embeddable":true,"href":"https:\/\/vocesparalelas.com.ar\/sitio\/wp-json\/wp\/v2\/media\/41747"}],"wp:attachment":[{"href":"https:\/\/vocesparalelas.com.ar\/sitio\/wp-json\/wp\/v2\/media?parent=50738"}],"wp:term":[{"taxonomy":"category","embeddable":true,"href":"https:\/\/vocesparalelas.com.ar\/sitio\/wp-json\/wp\/v2\/categories?post=50738"},{"taxonomy":"post_tag","embeddable":true,"href":"https:\/\/vocesparalelas.com.ar\/sitio\/wp-json\/wp\/v2\/tags?post=50738"}],"curies":[{"name":"wp","href":"https:\/\/api.w.org\/{rel}","templated":true}]}}