{"id":50724,"date":"2022-07-12T16:04:36","date_gmt":"2022-07-12T19:04:36","guid":{"rendered":"https:\/\/vocesparalelas.com.ar\/sitio\/?p=50724"},"modified":"2022-07-12T16:04:36","modified_gmt":"2022-07-12T19:04:36","slug":"avanza-el-plan-de-refaccion-integral-de-edificios-escolares-en-san-juan","status":"publish","type":"post","link":"https:\/\/vocesparalelas.com.ar\/sitio\/avanza-el-plan-de-refaccion-integral-de-edificios-escolares-en-san-juan\/","title":{"rendered":"Avanza el Plan de Refacci\u00f3n Integral de Edificios Escolares en San Juan"},"content":{"rendered":"<div class=\"itemFullText\">\n<p>El ministro de Obras y Servicios P\u00fablicos del Gobierno de San Juan, Ing. Julio Ortiz Andino, recibi\u00f3 a la ministro de Educaci\u00f3n, Prof. Cecilia Trincado Moncho, para avanzar en el Plan de Refacci\u00f3n Integral de edificios escolares durante el receso invernal.<\/p>\n<p>Entre los temas abordados fueron la calefacci\u00f3n segura, el mantenimiento general y refacci\u00f3n y ampliaci\u00f3n de infraestructura fueron claves en la agenda de trabajo.<\/p>\n<p>Las autoridades de ambas carteras se comprometieron a aunar criterios y fortalecer sus equipos de trabajo, aprovechando el receso de invierno para acelerar los procesos.<\/p>\n<p>Asimismo, se puso especial \u00e9nfasis en la necesidad de continuar trabajando en las instituciones escolares de los departamentos de Valle F\u00e9rtil, Calingasta, Iglesia y J\u00e1chal, ya que, est\u00e1n trabando desde Educaci\u00f3n la ampliaci\u00f3n del horario curricular en estas zonas alejadas de San Juan.<\/p>\n<p><span style=\"color: #339966;\"><strong>En relaci\u00f3n con el avance del plan de obras en San Juan<\/strong><\/span><\/p>\n<ul>\n<li>45 obras con fondos provinciales y nacionales como ampliaci\u00f3n, refacci\u00f3n, refuncionalizaci\u00f3n y nuevo edificio, 27 en ejecuci\u00f3n y 18 terminadas.<\/li>\n<li>37 obras del Programa de Emergencia para la Refacci\u00f3n Integral de Edificios Escolares Posterremoto 2021 &#8211; Periet -, con 14 en ejecuci\u00f3n y 23 terminadas.<\/li>\n<li>20 obras con fondos Covid, de reparaciones generales y construcciones menores, con 7 en ejecuci\u00f3n y 13 terminadas.<\/li>\n<\/ul>\n<\/div>\n<div class=\"clr\"><\/div>\n<div class=\"itemContentFooter\"><span class=\"itemDateModified\">Publicado el Martes, 12 de Julio de 2022<\/span><\/div>\n","protected":false},"excerpt":{"rendered":"<p>El ministro de Obras y Servicios P\u00fablicos del Gobierno de San Juan, Ing. Julio Ortiz Andino, recibi\u00f3 a la ministro<\/p>\n","protected":false},"author":3,"featured_media":50726,"comment_status":"closed","ping_status":"closed","sticky":false,"template":"","format":"standard","meta":{"_acf_changed":false,"_seopress_robots_primary_cat":"none","_seopress_titles_title":"","_seopress_titles_desc":"","_seopress_robots_index":"","colormag_page_container_layout":"default_layout","colormag_page_sidebar_layout":"default_layout","footnotes":""},"categories":[1],"tags":[],"class_list":["post-50724","post","type-post","status-publish","format-standard","has-post-thumbnail","hentry","category-destacadas"],"acf":[],"_links":{"self":[{"href":"https:\/\/vocesparalelas.com.ar\/sitio\/wp-json\/wp\/v2\/posts\/50724","targetHints":{"allow":["GET"]}}],"collection":[{"href":"https:\/\/vocesparalelas.com.ar\/sitio\/wp-json\/wp\/v2\/posts"}],"about":[{"href":"https:\/\/vocesparalelas.com.ar\/sitio\/wp-json\/wp\/v2\/types\/post"}],"author":[{"embeddable":true,"href":"https:\/\/vocesparalelas.com.ar\/sitio\/wp-json\/wp\/v2\/users\/3"}],"replies":[{"embeddable":true,"href":"https:\/\/vocesparalelas.com.ar\/sitio\/wp-json\/wp\/v2\/comments?post=50724"}],"version-history":[{"count":1,"href":"https:\/\/vocesparalelas.com.ar\/sitio\/wp-json\/wp\/v2\/posts\/50724\/revisions"}],"predecessor-version":[{"id":50727,"href":"https:\/\/vocesparalelas.com.ar\/sitio\/wp-json\/wp\/v2\/posts\/50724\/revisions\/50727"}],"wp:featuredmedia":[{"embeddable":true,"href":"https:\/\/vocesparalelas.com.ar\/sitio\/wp-json\/wp\/v2\/media\/50726"}],"wp:attachment":[{"href":"https:\/\/vocesparalelas.com.ar\/sitio\/wp-json\/wp\/v2\/media?parent=50724"}],"wp:term":[{"taxonomy":"category","embeddable":true,"href":"https:\/\/vocesparalelas.com.ar\/sitio\/wp-json\/wp\/v2\/categories?post=50724"},{"taxonomy":"post_tag","embeddable":true,"href":"https:\/\/vocesparalelas.com.ar\/sitio\/wp-json\/wp\/v2\/tags?post=50724"}],"curies":[{"name":"wp","href":"https:\/\/api.w.org\/{rel}","templated":true}]}}