{"id":50716,"date":"2022-07-11T19:33:28","date_gmt":"2022-07-11T22:33:28","guid":{"rendered":"https:\/\/vocesparalelas.com.ar\/sitio\/?p=50716"},"modified":"2022-07-13T00:03:58","modified_gmt":"2022-07-13T03:03:58","slug":"concurso-de-fotografia-anchipurac-2022-de-san-juan","status":"publish","type":"post","link":"https:\/\/vocesparalelas.com.ar\/sitio\/concurso-de-fotografia-anchipurac-2022-de-san-juan\/","title":{"rendered":"Concurso de fotograf\u00eda Anchipurac 2022 de San Juan"},"content":{"rendered":"<div class=\"itemFullText\">\n<p>En el marco de las actividades programadas para las Vacaciones de Invierno, desde el Lunes, 11 de Julio de 2022 se encuentran abiertas las inscripciones para el concurso Fotogr\u00e1fico Anchipurac 2022 del que pueden participar personas sin conocimiento de fotograf\u00eda, hasta profesionales.<\/p>\n<p>Por ello, la Secretar\u00eda de Estado de Ambiente y Desarrollo Sustentable, a trav\u00e9s del Centro Ambiental, de busca fomentar la concientizaci\u00f3n sobre el cuidado del ambiente mediante fotos que pueden representar el \u00e1mbito urbano, rural o silvestre.<\/p>\n<p>Se realiza adem\u00e1s una capacitaci\u00f3n para principiantes, amateurs y profesionales, en coincidencia con las 3 categor\u00edas del concurso.<\/p>\n<p>Al respecto, la directora de Anchipurac, Arq. Claudia Agnelli, indic\u00f3 que \u201cse busca captar la ciudad y el esp\u00edritu o identidad de las diferentes zonas de San Juan haci\u00e9ndose foco en lo ambiental, que incluye lo social y cultural, y hasta lo econ\u00f3mico. Son variables que conforman al ambiente\u201d.<\/p>\n<p>Por otra parte, inform\u00f3 que los trabajos se pueden enviar hasta el 31 de Julio y la cantidad m\u00e1xima de fotos por participantes es de 5.<\/p>\n<p><strong><span style=\"color: #339966;\">La inscripci\u00f3n al concurso debe realizarse ingresando al siguiente formulario<\/span><\/strong><\/p>\n<p><a href=\"https:\/\/docs.google.com\/forms\/d\/e\/1FAIpQLSckU3EPeEnWSkIDHKQOdnUvi52dgckpAB1CIfewygqUt515mQ\/viewform.\">\u00a0https:\/\/docs.google.com\/forms\/d\/e\/1FAIpQLSckU3EPeEnWSkIDHKQOdnUvi52dgckpAB1CIfewygqUt515mQ\/viewform.<\/a><\/p>\n<p><strong><span style=\"color: #339966;\">Sobre la capacitaci\u00f3n en fotograf\u00eda<\/span><\/strong><\/p>\n<p>La fecha del Encuentro de formaci\u00f3n es el 21 de Julio de 15 a 17 horas con modalidad presencial y virtual.<\/p>\n<p>La capacitaci\u00f3n est\u00e1 a cargo del fot\u00f3grafo Guillermo Correa y segmentada para cada una de las categor\u00edas exponiendo t\u00e9cnica, composici\u00f3n, iluminaci\u00f3n, encuadre, fotograf\u00eda art\u00edstica, entre otros muchos conceptos que pueden ayudar a los participantes a realizar mejores trabajos.<\/p>\n<p>\u201cToda persona que no tenga conocimientos de fotograf\u00eda, pero que desea participar, podr\u00e1 hacerlo y sumar muchos conocimientos en la capacitaci\u00f3n gratuita que se brindar\u00e1\u201d, coment\u00f3 la directora.<\/p>\n<p>El encuentro instructivo sobre fotograf\u00eda es en el auditorio de la Instituci\u00f3n Ambiental y se pude\u00a0 participar en forma presencial o en forma virtual.<\/p>\n<p>S\u00f3lo est\u00e1 destinada a quienes se inscriban en el Concurso, aunque no es obligatorio realizarla para participar.<\/p>\n<p>La Arq. Agnelli destac\u00f3 que \u201clas personas interesadas en presentar sus trabajos y que no tengan conocimientos de fotograf\u00eda deben inscribirse dentro de la categor\u00eda Principiantes. La categor\u00eda Amateurs incluye a las personas que tienen c\u00e1mara o celulares de buena calidad de imagen y toman fotograf\u00edas habitualmente, y la tercera categor\u00eda est\u00e1 dirigida a Profesionales de la fotograf\u00eda que se dedican a eso\u201d.<\/p>\n<p>Teniendo en cuenta las caracter\u00edsticas de los participantes se dividieron los premios. El ganador de la categor\u00eda Principiantes se llevar\u00e1 un tr\u00edpode de aluminio de una altura m\u00e1xima de 1,5 metros. Para la Amateurs hay una mochila para fotograf\u00eda y para la Profesionales est\u00e1 destinado un disco r\u00edgido externo de 1 tb de almacenamiento.<\/p>\n<p>Luego del concurso se realiza una selecci\u00f3n de las fotograf\u00edas que ganaron y las que no fueron premiadas, y se las expone en pantallas en el Centro Ambiental para que todas las visitan que lo recorran puedan apreciar la muestra.<\/p>\n<\/div>\n<div class=\"itemContentFooter\"><span class=\"itemDateModified\">Publicado el\u00a0 Lunes, 11 de Julio de 2022\u00a0<\/span><\/div>\n","protected":false},"excerpt":{"rendered":"<p>En el marco de las actividades programadas para las Vacaciones de Invierno, desde el Lunes, 11 de Julio de 2022<\/p>\n","protected":false},"author":3,"featured_media":37935,"comment_status":"closed","ping_status":"closed","sticky":false,"template":"","format":"standard","meta":{"_acf_changed":false,"_seopress_robots_primary_cat":"none","_seopress_titles_title":"","_seopress_titles_desc":"","_seopress_robots_index":"","colormag_page_container_layout":"default_layout","colormag_page_sidebar_layout":"default_layout","footnotes":""},"categories":[8],"tags":[],"class_list":["post-50716","post","type-post","status-publish","format-standard","has-post-thumbnail","hentry","category-concursos"],"acf":[],"_links":{"self":[{"href":"https:\/\/vocesparalelas.com.ar\/sitio\/wp-json\/wp\/v2\/posts\/50716","targetHints":{"allow":["GET"]}}],"collection":[{"href":"https:\/\/vocesparalelas.com.ar\/sitio\/wp-json\/wp\/v2\/posts"}],"about":[{"href":"https:\/\/vocesparalelas.com.ar\/sitio\/wp-json\/wp\/v2\/types\/post"}],"author":[{"embeddable":true,"href":"https:\/\/vocesparalelas.com.ar\/sitio\/wp-json\/wp\/v2\/users\/3"}],"replies":[{"embeddable":true,"href":"https:\/\/vocesparalelas.com.ar\/sitio\/wp-json\/wp\/v2\/comments?post=50716"}],"version-history":[{"count":1,"href":"https:\/\/vocesparalelas.com.ar\/sitio\/wp-json\/wp\/v2\/posts\/50716\/revisions"}],"predecessor-version":[{"id":50718,"href":"https:\/\/vocesparalelas.com.ar\/sitio\/wp-json\/wp\/v2\/posts\/50716\/revisions\/50718"}],"wp:featuredmedia":[{"embeddable":true,"href":"https:\/\/vocesparalelas.com.ar\/sitio\/wp-json\/wp\/v2\/media\/37935"}],"wp:attachment":[{"href":"https:\/\/vocesparalelas.com.ar\/sitio\/wp-json\/wp\/v2\/media?parent=50716"}],"wp:term":[{"taxonomy":"category","embeddable":true,"href":"https:\/\/vocesparalelas.com.ar\/sitio\/wp-json\/wp\/v2\/categories?post=50716"},{"taxonomy":"post_tag","embeddable":true,"href":"https:\/\/vocesparalelas.com.ar\/sitio\/wp-json\/wp\/v2\/tags?post=50716"}],"curies":[{"name":"wp","href":"https:\/\/api.w.org\/{rel}","templated":true}]}}