{"id":50659,"date":"2022-07-09T20:53:36","date_gmt":"2022-07-09T23:53:36","guid":{"rendered":"https:\/\/vocesparalelas.com.ar\/sitio\/?p=50659"},"modified":"2022-07-09T20:53:36","modified_gmt":"2022-07-09T23:53:36","slug":"gala-patria-con-identidad-cuyana-en-san-juan","status":"publish","type":"post","link":"https:\/\/vocesparalelas.com.ar\/sitio\/gala-patria-con-identidad-cuyana-en-san-juan\/","title":{"rendered":"Gala Patria con identidad cuyana en San Juan"},"content":{"rendered":"<p>San Juan inici\u00f3 este viernes por la noche las actividades conmemorativas por el 206\u00ba aniversario de la Declaraci\u00f3n de la Independencia con una Gala Patria que cont\u00f3 con una impronta de identidad cuyana.<\/p>\n<p>El gobernador de San Juan, Sergio U\u00f1ac, acompa\u00f1ado por su esposa, Silvana Rodr\u00edguez, presidi\u00f3 la celebraci\u00f3n que colm\u00f3 la capacidad del Auditorio Juan Victoria. Adem\u00e1s estuvieron presentes el vicegobernador Roberto Gattoni y su esposa, Estela Aubone; el intendente de la Ciudad de San Juan, Emilio Baistrocchi y su esposa, Victoria Gallardo; el jefe de Infanter\u00eda de Monta\u00f1a 22, coronel Martin Guillermo Mendoza; los ministros de Turismo y Cultura, Claudia Grynszpan; de Gobierno, Alberto Hensel; de Producci\u00f3n y Desarrollo Econ\u00f3mico, Ariel Lucero; de Miner\u00eda, Carlos Astudillo; de Educaci\u00f3n, Cecilia Trincado; de Obras y Servicios P\u00fablicos, Julio Ortiz Andino; el secretario de Estado de Ambiente, Francisco Guevara; el intendente de 25 de Mayo, Juan Carlos Quiroga Moyano; la diputada por Capital Cecilia Ramella y el presidente del Concejo Deliberante capitalino, Ariel Palma.<\/p>\n<p><iframe loading=\"lazy\" title=\"U\u00f1ac en la Gala Patria con identidad cuyana\" width=\"800\" height=\"450\" src=\"https:\/\/www.youtube.com\/embed\/TYtUMExqGWQ?feature=oembed\" frameborder=\"0\" allow=\"accelerometer; autoplay; clipboard-write; encrypted-media; gyroscope; picture-in-picture\" allowfullscreen><\/iframe><\/p>\n<p>A su llegada al Auditorio, el primer mandatario provincial comparti\u00f3 su satisfacci\u00f3n \u00abal conmemorar un aniversario m\u00e1s de este important\u00edsimo D\u00eda de la Independencia Argentina\u201d y destac\u00f3 la actuaci\u00f3n relevante de los sanjuaninos Francisco Narciso Laprida y Fray Justo Santa Mar\u00eda de Oro en el Congreso de Tucum\u00e1n.<\/p>\n<p>Con respecto al espect\u00e1culo, marcado por una fuerte identidad cuyana, U\u00f1ac consider\u00f3 que \u201cSan Juan tiene un acervo cultural muy importante y estamos muy contentos de que se pueda plasmar esta noche aqu\u00ed, en el Auditorio Juan Victoria\u201d.<\/p>\n<p>Para cerrar, el mandatario invit\u00f3 a la comunidad a participar este s\u00e1bado en el desfile c\u00edvico militar que se desarrollar\u00e1 en 25 de Mayo.<\/p>\n<p>Con la conducci\u00f3n de Pascual Recabarren, la velada ofreci\u00f3 un amplio recorrido por el cancionero cuyano de la mano de artistas cuyanos y nacionales, quienes bajo la direcci\u00f3n de Lito Vitale, con la idea y realizaci\u00f3n del Auditorio Juan Victoria de la mano de su director Rolando Garc\u00eda G\u00f3mez, llevaron al escenario un espect\u00e1culo patri\u00f3tico con un gran despliegue t\u00e9cnico.<\/p>\n<p>De esta manera, los presentes pudieron disfrutar de canciones cl\u00e1sicos como \u201cLa \u201cTonada jam\u00e1s morir\u00e1\u201d, \u201cVolver\u00e9 siempre a San Juan\u201d, \u201cYa viene soplando el Zonda\u201d, \u201cCalle agosta\u201d y \u201cCueca del vino nuevo\u201d, entre otras canciones que expresan nuestra identidad cuyana.<\/p>\n<p>Una vez finalizado el acto y tras el ingreso de la Bandera Argentina del Ej\u00e9rcito y la Bandera Ciudadana de la Federaci\u00f3n Gaucha Sanjuanina, los presentes entonaron las estrofas del Himno Nacional Argentino, dando cierre a la Gala Patria.<\/p>\n<p><img loading=\"lazy\" decoding=\"async\" class=\"alignnone size-full wp-image-50661\" src=\"https:\/\/vocesparalelas.com.ar\/sitio\/wp-content\/uploads\/2022\/07\/GALA-PATRIA-03.jpg\" alt=\"\" width=\"800\" height=\"534\" srcset=\"https:\/\/vocesparalelas.com.ar\/sitio\/wp-content\/uploads\/2022\/07\/GALA-PATRIA-03.jpg 800w, https:\/\/vocesparalelas.com.ar\/sitio\/wp-content\/uploads\/2022\/07\/GALA-PATRIA-03-300x200.jpg 300w, https:\/\/vocesparalelas.com.ar\/sitio\/wp-content\/uploads\/2022\/07\/GALA-PATRIA-03-768x513.jpg 768w\" sizes=\"auto, (max-width: 800px) 100vw, 800px\" \/><\/p>\n<p>Publicado el S\u00e1bado, 09 de Julio de 2022<\/p>\n","protected":false},"excerpt":{"rendered":"<p>San Juan inici\u00f3 este viernes por la noche las actividades conmemorativas por el 206\u00ba aniversario de la Declaraci\u00f3n de la<\/p>\n","protected":false},"author":3,"featured_media":50663,"comment_status":"closed","ping_status":"closed","sticky":false,"template":"","format":"video","meta":{"_acf_changed":false,"_seopress_robots_primary_cat":"none","_seopress_titles_title":"","_seopress_titles_desc":"","_seopress_robots_index":"","colormag_page_container_layout":"default_layout","colormag_page_sidebar_layout":"default_layout","footnotes":""},"categories":[1,7],"tags":[],"class_list":["post-50659","post","type-post","status-publish","format-video","has-post-thumbnail","hentry","category-destacadas","category-videos","post_format-post-format-video"],"acf":[],"_links":{"self":[{"href":"https:\/\/vocesparalelas.com.ar\/sitio\/wp-json\/wp\/v2\/posts\/50659","targetHints":{"allow":["GET"]}}],"collection":[{"href":"https:\/\/vocesparalelas.com.ar\/sitio\/wp-json\/wp\/v2\/posts"}],"about":[{"href":"https:\/\/vocesparalelas.com.ar\/sitio\/wp-json\/wp\/v2\/types\/post"}],"author":[{"embeddable":true,"href":"https:\/\/vocesparalelas.com.ar\/sitio\/wp-json\/wp\/v2\/users\/3"}],"replies":[{"embeddable":true,"href":"https:\/\/vocesparalelas.com.ar\/sitio\/wp-json\/wp\/v2\/comments?post=50659"}],"version-history":[{"count":1,"href":"https:\/\/vocesparalelas.com.ar\/sitio\/wp-json\/wp\/v2\/posts\/50659\/revisions"}],"predecessor-version":[{"id":50664,"href":"https:\/\/vocesparalelas.com.ar\/sitio\/wp-json\/wp\/v2\/posts\/50659\/revisions\/50664"}],"wp:featuredmedia":[{"embeddable":true,"href":"https:\/\/vocesparalelas.com.ar\/sitio\/wp-json\/wp\/v2\/media\/50663"}],"wp:attachment":[{"href":"https:\/\/vocesparalelas.com.ar\/sitio\/wp-json\/wp\/v2\/media?parent=50659"}],"wp:term":[{"taxonomy":"category","embeddable":true,"href":"https:\/\/vocesparalelas.com.ar\/sitio\/wp-json\/wp\/v2\/categories?post=50659"},{"taxonomy":"post_tag","embeddable":true,"href":"https:\/\/vocesparalelas.com.ar\/sitio\/wp-json\/wp\/v2\/tags?post=50659"}],"curies":[{"name":"wp","href":"https:\/\/api.w.org\/{rel}","templated":true}]}}