{"id":50649,"date":"2022-07-08T23:33:35","date_gmt":"2022-07-09T02:33:35","guid":{"rendered":"https:\/\/vocesparalelas.com.ar\/sitio\/?p=50649"},"modified":"2022-07-14T01:31:05","modified_gmt":"2022-07-14T04:31:05","slug":"sumate-a-las-orquestas-y-coros-infantiles-y-juveniles-de-san-juan","status":"publish","type":"post","link":"https:\/\/vocesparalelas.com.ar\/sitio\/sumate-a-las-orquestas-y-coros-infantiles-y-juveniles-de-san-juan\/","title":{"rendered":"Sumate a las Orquestas y Coros Infantiles y Juveniles de San Juan"},"content":{"rendered":"<p>El Programa Nacional de Orquestas y Coros Infantiles y Juveniles del Ministerio de Educaci\u00f3n desarrolla una serie de acciones para reiniciar sus actividades, como cubrir los cargos de profesores y la afinaci\u00f3n de los instrumentos de cuerdas.<\/p>\n<p>El programa se implement\u00f3 en la jurisdicci\u00f3n hace m\u00e1s de diez a\u00f1os. Actualmente est\u00e1 conformado por seis coros y seis orquestas, y se sumar\u00e1n a la propuesta musical cuatro ensambles y dos bandas. Los equipos musicales funcionan uno por escuela, destinados a ni\u00f1os y j\u00f3venes de la comunidad toda, pertenezcan a la escuela en que funciona o no.<\/p>\n<p>Las orquestas cuentan con m\u00e1s de 300 instrumentos distribuidos en los diferentes grupos musicales, entre los que se incluyen cuerdas, vientos y percusi\u00f3n.<\/p>\n<p>Cada sede de coros cuenta con un director de coro, docente de t\u00e9cnica vocal y docente integrador. Mientras que la orquesta tiene director de orquesta, profesores de viol\u00edn, violonchelo, contrabajo, flauta traversa, oboe, clarinete, trompeta, tromb\u00f3n, percusi\u00f3n, docente de lenguaje musical y docente integrador.<\/p>\n<p>El prop\u00f3sito del programa es la revinculaci\u00f3n de estudiantes a la escuela, especialmente de quienes tienen sus trayectorias escolares interrumpidas, utilizando la m\u00fasica como medio para lograrlo. Brinda herramientas de desarrollo personal y social, y en algunos casos, definen una vocaci\u00f3n. Numerosos estudiantes continuaron sus estudios musicales a Nivel Superior y otros se sumaron como docentes al equipo de trabajo.<\/p>\n<p>En el marco de las actividades preparatorias para reanudar las actividades se realiz\u00f3 la convocatoria para cubrir cargos vacantes en diferentes perfiles musicales. Participaron los referentes jurisdiccionales de Pol\u00edticas Socioeducativas, Marcelo Guardia; de Orquestas y Coros, Anal\u00eda Gonz\u00e1lez y nacionales, Pablo Piccini, Joel Perdaens y Ra\u00fal Becerra.<\/p>\n<div class=\"itemFullText\">\n<p>Adem\u00e1s, se trasladaron instrumentos de cuerdas desde las diferentes sedes para su reparaci\u00f3n la que estuvo a cargo del luthier de cuerdas y referente nacional Andr\u00e9s Lugea, junto a los docentes del programa Zafiro Campillay en violonchelo y Miguel Sugo en cuerdas, realizaron la puesta a punto de los instrumentos para su correcto funcionamiento.<\/p>\n<\/div>\n<div class=\"clr\"><\/div>\n<div class=\"itemContentFooter\"><span class=\"itemDateModified\">Publicado el Viernes, 08 de Julio de 2022<\/span><\/div>\n","protected":false},"excerpt":{"rendered":"<p>El Programa Nacional de Orquestas y Coros Infantiles y Juveniles del Ministerio de Educaci\u00f3n desarrolla una serie de acciones para<\/p>\n","protected":false},"author":3,"featured_media":43620,"comment_status":"closed","ping_status":"closed","sticky":false,"template":"","format":"standard","meta":{"_acf_changed":false,"_seopress_robots_primary_cat":"none","_seopress_titles_title":"","_seopress_titles_desc":"","_seopress_robots_index":"","colormag_page_container_layout":"default_layout","colormag_page_sidebar_layout":"default_layout","footnotes":""},"categories":[9],"tags":[],"class_list":["post-50649","post","type-post","status-publish","format-standard","has-post-thumbnail","hentry","category-cursos"],"acf":[],"_links":{"self":[{"href":"https:\/\/vocesparalelas.com.ar\/sitio\/wp-json\/wp\/v2\/posts\/50649","targetHints":{"allow":["GET"]}}],"collection":[{"href":"https:\/\/vocesparalelas.com.ar\/sitio\/wp-json\/wp\/v2\/posts"}],"about":[{"href":"https:\/\/vocesparalelas.com.ar\/sitio\/wp-json\/wp\/v2\/types\/post"}],"author":[{"embeddable":true,"href":"https:\/\/vocesparalelas.com.ar\/sitio\/wp-json\/wp\/v2\/users\/3"}],"replies":[{"embeddable":true,"href":"https:\/\/vocesparalelas.com.ar\/sitio\/wp-json\/wp\/v2\/comments?post=50649"}],"version-history":[{"count":1,"href":"https:\/\/vocesparalelas.com.ar\/sitio\/wp-json\/wp\/v2\/posts\/50649\/revisions"}],"predecessor-version":[{"id":50651,"href":"https:\/\/vocesparalelas.com.ar\/sitio\/wp-json\/wp\/v2\/posts\/50649\/revisions\/50651"}],"wp:featuredmedia":[{"embeddable":true,"href":"https:\/\/vocesparalelas.com.ar\/sitio\/wp-json\/wp\/v2\/media\/43620"}],"wp:attachment":[{"href":"https:\/\/vocesparalelas.com.ar\/sitio\/wp-json\/wp\/v2\/media?parent=50649"}],"wp:term":[{"taxonomy":"category","embeddable":true,"href":"https:\/\/vocesparalelas.com.ar\/sitio\/wp-json\/wp\/v2\/categories?post=50649"},{"taxonomy":"post_tag","embeddable":true,"href":"https:\/\/vocesparalelas.com.ar\/sitio\/wp-json\/wp\/v2\/tags?post=50649"}],"curies":[{"name":"wp","href":"https:\/\/api.w.org\/{rel}","templated":true}]}}