{"id":50646,"date":"2022-07-08T22:18:13","date_gmt":"2022-07-09T01:18:13","guid":{"rendered":"https:\/\/vocesparalelas.com.ar\/sitio\/?p=50646"},"modified":"2022-07-12T00:18:42","modified_gmt":"2022-07-12T03:18:42","slug":"convocan-a-docentes-para-el-rol-de-educador-comunitario-en-nivel-primario-de-san-juan","status":"publish","type":"post","link":"https:\/\/vocesparalelas.com.ar\/sitio\/convocan-a-docentes-para-el-rol-de-educador-comunitario-en-nivel-primario-de-san-juan\/","title":{"rendered":"Convocan a docentes para el rol de Educador Comunitario en Nivel Primario de San Juan"},"content":{"rendered":"<div class=\"itemFullText\">\n<p>El dispositivo de Asistencias y Lineamientos Fortalecedores de Aprendizajes &#8211; ALFA -, convoca a docentes interesados en desempe\u00f1ar el rol de Educador Comunitario en Nivel Primario, para acompa\u00f1ar y fortalecer procesos de aprendizaje.<\/p>\n<p>Los interesados del 4 al 15 de Julio, inclusive, deben enviar su curr\u00edculum vitae actualizado con un n\u00famero o direcci\u00f3n de contacto al siguiente correo: <span id=\"cloakca5f00f1d5987c1309f32fb36cf9686a\"><a href=\"mailto:alfaprimaria2022@gmail.com\">alfaprimaria2022@gmail.com<\/a><\/span><\/p>\n<p>La convocatoria est\u00e1 destinada a docentes recibidos del Profesorado de Educaci\u00f3n Primaria que cuenten con disponibilidad y posibilidad de desempe\u00f1ar funciones en el interior de la provincia, especialmente los departamentos de Iglesia y Valle F\u00e9rtil.<\/p>\n<p>La modalidad es un contrato con el Ministerio de Educaci\u00f3n, por lo que deben ser monotributistas, entre otros requisitos que se informar\u00e1n oportunamente.<\/p>\n<p>Por consultas, comunicarse en horario 7.30 a 11:30 al 4307703 o en la Oficina de Programas de la Subsecretaria de Planeamiento del Ministerio de Educaci\u00f3n, 2\u00b0 piso n\u00facleo 3.<\/p>\n<\/div>\n<div class=\"clr\">Publicado el Viernes, 08 de Julio de 2022<\/div>\n","protected":false},"excerpt":{"rendered":"<p>El dispositivo de Asistencias y Lineamientos Fortalecedores de Aprendizajes &#8211; ALFA -, convoca a docentes interesados en desempe\u00f1ar el rol<\/p>\n","protected":false},"author":3,"featured_media":35213,"comment_status":"closed","ping_status":"closed","sticky":false,"template":"","format":"standard","meta":{"_acf_changed":false,"_seopress_robots_primary_cat":"none","_seopress_titles_title":"","_seopress_titles_desc":"","_seopress_robots_index":"","colormag_page_container_layout":"default_layout","colormag_page_sidebar_layout":"default_layout","footnotes":""},"categories":[5],"tags":[],"class_list":["post-50646","post","type-post","status-publish","format-standard","has-post-thumbnail","hentry","category-ofrecimientos"],"acf":[],"_links":{"self":[{"href":"https:\/\/vocesparalelas.com.ar\/sitio\/wp-json\/wp\/v2\/posts\/50646","targetHints":{"allow":["GET"]}}],"collection":[{"href":"https:\/\/vocesparalelas.com.ar\/sitio\/wp-json\/wp\/v2\/posts"}],"about":[{"href":"https:\/\/vocesparalelas.com.ar\/sitio\/wp-json\/wp\/v2\/types\/post"}],"author":[{"embeddable":true,"href":"https:\/\/vocesparalelas.com.ar\/sitio\/wp-json\/wp\/v2\/users\/3"}],"replies":[{"embeddable":true,"href":"https:\/\/vocesparalelas.com.ar\/sitio\/wp-json\/wp\/v2\/comments?post=50646"}],"version-history":[{"count":1,"href":"https:\/\/vocesparalelas.com.ar\/sitio\/wp-json\/wp\/v2\/posts\/50646\/revisions"}],"predecessor-version":[{"id":50648,"href":"https:\/\/vocesparalelas.com.ar\/sitio\/wp-json\/wp\/v2\/posts\/50646\/revisions\/50648"}],"wp:featuredmedia":[{"embeddable":true,"href":"https:\/\/vocesparalelas.com.ar\/sitio\/wp-json\/wp\/v2\/media\/35213"}],"wp:attachment":[{"href":"https:\/\/vocesparalelas.com.ar\/sitio\/wp-json\/wp\/v2\/media?parent=50646"}],"wp:term":[{"taxonomy":"category","embeddable":true,"href":"https:\/\/vocesparalelas.com.ar\/sitio\/wp-json\/wp\/v2\/categories?post=50646"},{"taxonomy":"post_tag","embeddable":true,"href":"https:\/\/vocesparalelas.com.ar\/sitio\/wp-json\/wp\/v2\/tags?post=50646"}],"curies":[{"name":"wp","href":"https:\/\/api.w.org\/{rel}","templated":true}]}}