{"id":50638,"date":"2022-07-08T21:50:17","date_gmt":"2022-07-09T00:50:17","guid":{"rendered":"https:\/\/vocesparalelas.com.ar\/sitio\/?p=50638"},"modified":"2022-07-08T21:55:24","modified_gmt":"2022-07-09T00:55:24","slug":"hacia-la-implementacion-de-la-hora-extra-en-las-escuelas-primarias-de-zonas-alejadas-de-san-juan","status":"publish","type":"post","link":"https:\/\/vocesparalelas.com.ar\/sitio\/hacia-la-implementacion-de-la-hora-extra-en-las-escuelas-primarias-de-zonas-alejadas-de-san-juan\/","title":{"rendered":"Hacia la implementaci\u00f3n de la hora extra en las Escuelas Primarias de Zonas Alejadas de San Juan"},"content":{"rendered":"<p>En la Escuela Luis Agote, Departamento 9 de Julio, de la Provincia de San Juan, se desarroll\u00f3 la 1\u00b0 reuni\u00f3n preparatoria para la implementaci\u00f3n de la hora extra en los Departamentos Alejados, donde se encontraron directores y supervisores de establecimientos educativos de los departamentos de Caucete, Pocito, 25 de Mayo y Calingasta del Nivel Primario.<\/p>\n<p>Por ello, Voces Paralelas desarroll\u00f3 una entrevista period\u00edstica a la Ministro de Educaci\u00f3n del Gobierno de San Juan, Prof. Cecilia Trincado, quien lider\u00f3 tan importante reuni\u00f3n para el trabajo que se realiza para la implementaci\u00f3n de la hora extra en las Escuelas Primarias de San Juan que comienza en las Zonas Alejadas.<\/p>\n<p>&nbsp;<\/p>\n<p><iframe loading=\"lazy\" title=\"SAN JUAN MINISTRO EDUCACI\u00d3N PROF. CECILIA TRINCADO\" width=\"800\" height=\"450\" src=\"https:\/\/www.youtube.com\/embed\/fD2YZ4pE1Nk?start=6&#038;feature=oembed\" frameborder=\"0\" allow=\"accelerometer; autoplay; clipboard-write; encrypted-media; gyroscope; picture-in-picture\" allowfullscreen><\/iframe><\/p>\n<p>&nbsp;<\/p>\n<p><img loading=\"lazy\" decoding=\"async\" class=\"alignnone size-full wp-image-50555\" src=\"https:\/\/vocesparalelas.com.ar\/sitio\/wp-content\/uploads\/2022\/07\/EDUCACION-EXTRA-01.jpg\" alt=\"\" width=\"800\" height=\"600\" srcset=\"https:\/\/vocesparalelas.com.ar\/sitio\/wp-content\/uploads\/2022\/07\/EDUCACION-EXTRA-01.jpg 800w, https:\/\/vocesparalelas.com.ar\/sitio\/wp-content\/uploads\/2022\/07\/EDUCACION-EXTRA-01-300x225.jpg 300w, https:\/\/vocesparalelas.com.ar\/sitio\/wp-content\/uploads\/2022\/07\/EDUCACION-EXTRA-01-768x576.jpg 768w\" sizes=\"auto, (max-width: 800px) 100vw, 800px\" \/><\/p>\n<p>Publicado el Viernes, 08 de Julio de 2022<\/p>\n","protected":false},"excerpt":{"rendered":"<p>En la Escuela Luis Agote, Departamento 9 de Julio, de la Provincia de San Juan, se desarroll\u00f3 la 1\u00b0 reuni\u00f3n<\/p>\n","protected":false},"author":3,"featured_media":50644,"comment_status":"closed","ping_status":"closed","sticky":false,"template":"","format":"video","meta":{"_acf_changed":false,"_seopress_robots_primary_cat":"none","_seopress_titles_title":"","_seopress_titles_desc":"","_seopress_robots_index":"","colormag_page_container_layout":"default_layout","colormag_page_sidebar_layout":"default_layout","footnotes":""},"categories":[1,7],"tags":[],"class_list":["post-50638","post","type-post","status-publish","format-video","has-post-thumbnail","hentry","category-destacadas","category-videos","post_format-post-format-video"],"acf":[],"_links":{"self":[{"href":"https:\/\/vocesparalelas.com.ar\/sitio\/wp-json\/wp\/v2\/posts\/50638","targetHints":{"allow":["GET"]}}],"collection":[{"href":"https:\/\/vocesparalelas.com.ar\/sitio\/wp-json\/wp\/v2\/posts"}],"about":[{"href":"https:\/\/vocesparalelas.com.ar\/sitio\/wp-json\/wp\/v2\/types\/post"}],"author":[{"embeddable":true,"href":"https:\/\/vocesparalelas.com.ar\/sitio\/wp-json\/wp\/v2\/users\/3"}],"replies":[{"embeddable":true,"href":"https:\/\/vocesparalelas.com.ar\/sitio\/wp-json\/wp\/v2\/comments?post=50638"}],"version-history":[{"count":1,"href":"https:\/\/vocesparalelas.com.ar\/sitio\/wp-json\/wp\/v2\/posts\/50638\/revisions"}],"predecessor-version":[{"id":50645,"href":"https:\/\/vocesparalelas.com.ar\/sitio\/wp-json\/wp\/v2\/posts\/50638\/revisions\/50645"}],"wp:featuredmedia":[{"embeddable":true,"href":"https:\/\/vocesparalelas.com.ar\/sitio\/wp-json\/wp\/v2\/media\/50644"}],"wp:attachment":[{"href":"https:\/\/vocesparalelas.com.ar\/sitio\/wp-json\/wp\/v2\/media?parent=50638"}],"wp:term":[{"taxonomy":"category","embeddable":true,"href":"https:\/\/vocesparalelas.com.ar\/sitio\/wp-json\/wp\/v2\/categories?post=50638"},{"taxonomy":"post_tag","embeddable":true,"href":"https:\/\/vocesparalelas.com.ar\/sitio\/wp-json\/wp\/v2\/tags?post=50638"}],"curies":[{"name":"wp","href":"https:\/\/api.w.org\/{rel}","templated":true}]}}